{"id":2884,"date":"2025-12-11T18:20:38","date_gmt":"2025-12-11T17:20:38","guid":{"rendered":"https:\/\/pello.eus\/solucion-un-lado-gobierno-otro\/"},"modified":"2025-12-11T18:23:16","modified_gmt":"2025-12-11T17:23:16","slug":"solucion-un-lado-gobierno-otro","status":"publish","type":"post","link":"https:\/\/pello.eus\/es\/solucion-un-lado-gobierno-otro\/","title":{"rendered":"La soluci\u00f3n por un lado, el Gobierno por otro"},"content":{"rendered":"\n<p>Hoy, hacerse rico ya no tiene tanto que ver con trabajar o producir cosas. La riqueza se acumula, sobre todo, por el simple hecho de tener propiedades que se revalorizan solas. Y el gran protagonista es la vivienda. Que la vivienda sea hoy el mayor dep\u00f3sito de riqueza del mundo \u2014casi cuatro veces el tama\u00f1o de toda la econom\u00eda global\u2014 no es un dato menor. Este cambio ha disparado la desigualdad y ha abierto una brecha social cada vez m\u00e1s profunda: los que ya ten\u00edan patrimonio lo ven crecer sin parar, mientras el resto se queda atr\u00e1s.<\/p>\n\n<p>La desigualdad se alimenta sola. En una econom\u00eda que apenas crece pero donde el capital sigue dando grandes rentabilidades, quien ya tiene acumula m\u00e1s r\u00e1pido que el conjunto de la sociedad. As\u00ed, controla cada vez m\u00e1s riqueza y, con ella, m\u00e1s poder. Como advierte el economista Thomas Piketty, esto nos puede llevar a niveles de desigualdad nunca vistos en pleno siglo XXI.<\/p>\n\n<p>En Araba, Bizkaia y Gipuzkoa los datos de vivienda son demoledores. La juventud se emancipa casi a los 30 a\u00f1os, mucho m\u00e1s tarde que en Europa. Los precios est\u00e1n por las nubes, con subidas superiores al 10% en el \u00faltimo a\u00f1o. Para alquilar algo decente, un joven asalariado tendr\u00eda que ganar un 75% m\u00e1s; si tiene menos de 25 a\u00f1os, necesitar\u00eda duplicar su sueldo. Y para comprar, ni hablamos: har\u00eda falta m\u00e1s del doble de ingresos.<\/p>\n\n<p>Desde la crisis de 2008, los sueldos han subido algo, pero los alquileres se los han comido casi por completo. Y aunque aqu\u00ed hay menos paro juvenil que en Europa, los trabajos son m\u00e1s precarios y la temporalidad es casi siete puntos superior. Por eso, aunque haya trabajo, la emancipaci\u00f3n se retrasa. Mientras, la lista de espera para una vivienda social no para de crecer. En solo ocho a\u00f1os se ha duplicado la diferencia entre quienes la necesitan y lo que realmente se ofrece.<\/p>\n\n<p>Los datos hablan claro: cada vez m\u00e1s j\u00f3venes ven imposible una vida aut\u00f3noma pasados los 30. No es casualidad que, entre otras cosas, crezca el escepticismo hacia el sistema, que la natalidad caiga o que la extrema derecha gane terreno entre la juventud. La precariedad y la falta de acceso a la vivienda son gasolina para el malestar social. Y de ese descontento se alimentan proyectos autoritarios.<\/p>\n\n<p>Nadie dice que la crisis de la vivienda sea f\u00e1cil de solucionar. Pero la salida es conocida, y aqu\u00ed tenemos recursos para ponerla en marcha: intervenir el alquiler, limitar los pisos tur\u00edsticos, movilizar las viviendas vac\u00edas y, sobre todo, apostar a gran escala por un parque p\u00fablico de vivienda protegida, por tratarse de una infraestructura estrat\u00e9gica. Sin embargo, el Gobierno Vasco va en direcci\u00f3n contraria: la llamada Ley de Medidas Urgentes rebaja los est\u00e1ndares de vivienda p\u00fablica y los presupuestos de 2026 vuelven a dejar pasar la oportunidad de invertir con decisi\u00f3n.<\/p>\n\n<p>Se nos repite que bastar\u00e1 con aumentar la oferta para que bajen los precios. Pero es falso: si no se interviene el mercado, si no se act\u00faa desde la demanda y si no se hace una apuesta p\u00fablica masiva, el problema solo empeorar\u00e1. Con esta pol\u00edtica, el Gobierno Vasco no est\u00e1 solucionando la crisis: la est\u00e1 agravando.<\/p>\n","protected":false},"excerpt":{"rendered":"<p>Hoy, hacerse rico ya no tiene tanto que ver con trabajar o producir cosas. La riqueza se acumula, sobre todo, por el simple hecho de tener propiedades que se revalorizan solas. Y el gran protagonista es la vivienda. Que la vivienda sea hoy el mayor dep\u00f3sito de riqueza del mundo \u2014casi cuatro veces el tama\u00f1o [&hellip;]<\/p>\n","protected":false},"author":4,"featured_media":2881,"comment_status":"open","ping_status":"closed","sticky":false,"template":"","format":"standard","meta":{"_acf_changed":false,"footnotes":""},"categories":[4],"tags":[],"acf":[],"yoast_head":"<!-- This site is optimized with the Yoast SEO plugin v22.9 - https:\/\/yoast.com\/wordpress\/plugins\/seo\/ -->\n<title>La soluci\u00f3n por un lado, el Gobierno por otro - Pello Otxandiano Kanpo<\/title>\n<meta name=\"description\" content=\"Nadie dice que la crisis de la vivienda sea f\u00e1cil de solucionar. Pero la salida es conocida, y aqu\u00ed tenemos recursos para ponerla en marcha.\" \/>\n<meta name=\"robots\" content=\"index, follow, max-snippet:-1, max-image-preview:large, max-video-preview:-1\" \/>\n<link rel=\"canonical\" href=\"https:\/\/pello.eus\/es\/solucion-un-lado-gobierno-otro\/\" \/>\n<meta property=\"og:locale\" content=\"es_ES\" \/>\n<meta property=\"og:type\" content=\"article\" \/>\n<meta property=\"og:title\" content=\"La soluci\u00f3n por un lado, el Gobierno por otro - Pello Otxandiano Kanpo\" \/>\n<meta property=\"og:description\" content=\"Nadie dice que la crisis de la vivienda sea f\u00e1cil de solucionar. Pero la salida es conocida, y aqu\u00ed tenemos recursos para ponerla en marcha.\" \/>\n<meta property=\"og:url\" content=\"https:\/\/pello.eus\/es\/solucion-un-lado-gobierno-otro\/\" \/>\n<meta property=\"og:site_name\" content=\"Pello Otxandiano Kanpo\" \/>\n<meta property=\"article:publisher\" content=\"https:\/\/www.facebook.com\/p.otxandiano\/\" \/>\n<meta property=\"article:published_time\" content=\"2025-12-11T17:20:38+00:00\" \/>\n<meta property=\"article:modified_time\" content=\"2025-12-11T17:23:16+00:00\" \/>\n<meta property=\"og:image\" content=\"https:\/\/pello.eus\/wp-content\/uploads\/2025\/12\/20251211_PO.jpg\" \/>\n\t<meta property=\"og:image:width\" content=\"1920\" \/>\n\t<meta property=\"og:image:height\" content=\"1080\" \/>\n\t<meta property=\"og:image:type\" content=\"image\/jpeg\" \/>\n<meta name=\"author\" content=\"p.arzanegi\" \/>\n<meta name=\"twitter:card\" content=\"summary_large_image\" \/>\n<meta name=\"twitter:creator\" content=\"@PelloOtxandiano\" \/>\n<meta name=\"twitter:site\" content=\"@PelloOtxandiano\" \/>\n<meta name=\"twitter:label1\" content=\"Escrito por\" \/>\n\t<meta name=\"twitter:data1\" content=\"p.arzanegi\" \/>\n\t<meta name=\"twitter:label2\" content=\"Tiempo de lectura\" \/>\n\t<meta name=\"twitter:data2\" content=\"3 minutos\" \/>\n<script type=\"application\/ld+json\" class=\"yoast-schema-graph\">{\"@context\":\"https:\/\/schema.org\",\"@graph\":[{\"@type\":\"Article\",\"@id\":\"https:\/\/pello.eus\/es\/solucion-un-lado-gobierno-otro\/#article\",\"isPartOf\":{\"@id\":\"https:\/\/pello.eus\/es\/solucion-un-lado-gobierno-otro\/\"},\"author\":{\"name\":\"p.arzanegi\",\"@id\":\"https:\/\/pello.eus\/es\/#\/schema\/person\/186e8bd03e840b05e26815a9e6c02095\"},\"headline\":\"La soluci\u00f3n por un lado, el Gobierno por otro\",\"datePublished\":\"2025-12-11T17:20:38+00:00\",\"dateModified\":\"2025-12-11T17:23:16+00:00\",\"mainEntityOfPage\":{\"@id\":\"https:\/\/pello.eus\/es\/solucion-un-lado-gobierno-otro\/\"},\"wordCount\":577,\"commentCount\":0,\"publisher\":{\"@id\":\"https:\/\/pello.eus\/es\/#organization\"},\"image\":{\"@id\":\"https:\/\/pello.eus\/es\/solucion-un-lado-gobierno-otro\/#primaryimage\"},\"thumbnailUrl\":\"https:\/\/pello.eus\/wp-content\/uploads\/2025\/12\/20251211_PO.jpg\",\"articleSection\":[\"Begiradak\"],\"inLanguage\":\"es\",\"potentialAction\":[{\"@type\":\"CommentAction\",\"name\":\"Comment\",\"target\":[\"https:\/\/pello.eus\/es\/solucion-un-lado-gobierno-otro\/#respond\"]}]},{\"@type\":\"WebPage\",\"@id\":\"https:\/\/pello.eus\/es\/solucion-un-lado-gobierno-otro\/\",\"url\":\"https:\/\/pello.eus\/es\/solucion-un-lado-gobierno-otro\/\",\"name\":\"La soluci\u00f3n por un lado, el Gobierno por otro - Pello Otxandiano Kanpo\",\"isPartOf\":{\"@id\":\"https:\/\/pello.eus\/es\/#website\"},\"primaryImageOfPage\":{\"@id\":\"https:\/\/pello.eus\/es\/solucion-un-lado-gobierno-otro\/#primaryimage\"},\"image\":{\"@id\":\"https:\/\/pello.eus\/es\/solucion-un-lado-gobierno-otro\/#primaryimage\"},\"thumbnailUrl\":\"https:\/\/pello.eus\/wp-content\/uploads\/2025\/12\/20251211_PO.jpg\",\"datePublished\":\"2025-12-11T17:20:38+00:00\",\"dateModified\":\"2025-12-11T17:23:16+00:00\",\"description\":\"Nadie dice que la crisis de la vivienda sea f\u00e1cil de solucionar. Pero la salida es conocida, y aqu\u00ed tenemos recursos para ponerla en marcha.\",\"breadcrumb\":{\"@id\":\"https:\/\/pello.eus\/es\/solucion-un-lado-gobierno-otro\/#breadcrumb\"},\"inLanguage\":\"es\",\"potentialAction\":[{\"@type\":\"ReadAction\",\"target\":[\"https:\/\/pello.eus\/es\/solucion-un-lado-gobierno-otro\/\"]}]},{\"@type\":\"ImageObject\",\"inLanguage\":\"es\",\"@id\":\"https:\/\/pello.eus\/es\/solucion-un-lado-gobierno-otro\/#primaryimage\",\"url\":\"https:\/\/pello.eus\/wp-content\/uploads\/2025\/12\/20251211_PO.jpg\",\"contentUrl\":\"https:\/\/pello.eus\/wp-content\/uploads\/2025\/12\/20251211_PO.jpg\",\"width\":1920,\"height\":1080},{\"@type\":\"BreadcrumbList\",\"@id\":\"https:\/\/pello.eus\/es\/solucion-un-lado-gobierno-otro\/#breadcrumb\",\"itemListElement\":[{\"@type\":\"ListItem\",\"position\":1,\"name\":\"Home\",\"item\":\"https:\/\/pello.eus\/es\/\"},{\"@type\":\"ListItem\",\"position\":2,\"name\":\"La soluci\u00f3n por un lado, el Gobierno por otro\"}]},{\"@type\":\"WebSite\",\"@id\":\"https:\/\/pello.eus\/es\/#website\",\"url\":\"https:\/\/pello.eus\/es\/\",\"name\":\"Pello Otxandiano Kanpo\",\"description\":\"Aldatzeko nahia ordezkatu nahi dut. Aspiro a representar el deseo de cambio. EH Bildu candidate for Lehendakari.\",\"publisher\":{\"@id\":\"https:\/\/pello.eus\/es\/#organization\"},\"potentialAction\":[{\"@type\":\"SearchAction\",\"target\":{\"@type\":\"EntryPoint\",\"urlTemplate\":\"https:\/\/pello.eus\/es\/?s={search_term_string}\"},\"query-input\":\"required name=search_term_string\"}],\"inLanguage\":\"es\"},{\"@type\":\"Organization\",\"@id\":\"https:\/\/pello.eus\/es\/#organization\",\"name\":\"Pello Otxandiano Kanpo\",\"url\":\"https:\/\/pello.eus\/es\/\",\"logo\":{\"@type\":\"ImageObject\",\"inLanguage\":\"es\",\"@id\":\"https:\/\/pello.eus\/es\/#\/schema\/logo\/image\/\",\"url\":\"https:\/\/pello.eus\/wp-content\/uploads\/2024\/01\/pello-eus.jpg\",\"contentUrl\":\"https:\/\/pello.eus\/wp-content\/uploads\/2024\/01\/pello-eus.jpg\",\"width\":1920,\"height\":1272,\"caption\":\"Pello Otxandiano Kanpo\"},\"image\":{\"@id\":\"https:\/\/pello.eus\/es\/#\/schema\/logo\/image\/\"},\"sameAs\":[\"https:\/\/www.facebook.com\/p.otxandiano\/\",\"https:\/\/x.com\/PelloOtxandiano\",\"https:\/\/www.tiktok.com\/@pellootxandiano\",\"https:\/\/www.linkedin.com\/in\/pello-otxandiano-kanpo-26b5a8a\/\",\"https:\/\/www.threads.net\/@pellootxandiano\"]},{\"@type\":\"Person\",\"@id\":\"https:\/\/pello.eus\/es\/#\/schema\/person\/186e8bd03e840b05e26815a9e6c02095\",\"name\":\"p.arzanegi\",\"image\":{\"@type\":\"ImageObject\",\"inLanguage\":\"es\",\"@id\":\"https:\/\/pello.eus\/es\/#\/schema\/person\/image\/\",\"url\":\"https:\/\/secure.gravatar.com\/avatar\/62fb854d23b2b5bb9c2b51dce7b35a45?s=96&d=mm&r=g\",\"contentUrl\":\"https:\/\/secure.gravatar.com\/avatar\/62fb854d23b2b5bb9c2b51dce7b35a45?s=96&d=mm&r=g\",\"caption\":\"p.arzanegi\"},\"url\":\"https:\/\/pello.eus\/es\/author\/p-arzanegi\/\"}]}<\/script>\n<!-- \/ Yoast SEO plugin. -->","yoast_head_json":{"title":"La soluci\u00f3n por un lado, el Gobierno por otro - Pello Otxandiano Kanpo","description":"Nadie dice que la crisis de la vivienda sea f\u00e1cil de solucionar. Pero la salida es conocida, y aqu\u00ed tenemos recursos para ponerla en marcha.","robots":{"index":"index","follow":"follow","max-snippet":"max-snippet:-1","max-image-preview":"max-image-preview:large","max-video-preview":"max-video-preview:-1"},"canonical":"https:\/\/pello.eus\/es\/solucion-un-lado-gobierno-otro\/","og_locale":"es_ES","og_type":"article","og_title":"La soluci\u00f3n por un lado, el Gobierno por otro - Pello Otxandiano Kanpo","og_description":"Nadie dice que la crisis de la vivienda sea f\u00e1cil de solucionar. Pero la salida es conocida, y aqu\u00ed tenemos recursos para ponerla en marcha.","og_url":"https:\/\/pello.eus\/es\/solucion-un-lado-gobierno-otro\/","og_site_name":"Pello Otxandiano Kanpo","article_publisher":"https:\/\/www.facebook.com\/p.otxandiano\/","article_published_time":"2025-12-11T17:20:38+00:00","article_modified_time":"2025-12-11T17:23:16+00:00","og_image":[{"width":1920,"height":1080,"url":"https:\/\/pello.eus\/wp-content\/uploads\/2025\/12\/20251211_PO.jpg","type":"image\/jpeg"}],"author":"p.arzanegi","twitter_card":"summary_large_image","twitter_creator":"@PelloOtxandiano","twitter_site":"@PelloOtxandiano","twitter_misc":{"Escrito por":"p.arzanegi","Tiempo de lectura":"3 minutos"},"schema":{"@context":"https:\/\/schema.org","@graph":[{"@type":"Article","@id":"https:\/\/pello.eus\/es\/solucion-un-lado-gobierno-otro\/#article","isPartOf":{"@id":"https:\/\/pello.eus\/es\/solucion-un-lado-gobierno-otro\/"},"author":{"name":"p.arzanegi","@id":"https:\/\/pello.eus\/es\/#\/schema\/person\/186e8bd03e840b05e26815a9e6c02095"},"headline":"La soluci\u00f3n por un lado, el Gobierno por otro","datePublished":"2025-12-11T17:20:38+00:00","dateModified":"2025-12-11T17:23:16+00:00","mainEntityOfPage":{"@id":"https:\/\/pello.eus\/es\/solucion-un-lado-gobierno-otro\/"},"wordCount":577,"commentCount":0,"publisher":{"@id":"https:\/\/pello.eus\/es\/#organization"},"image":{"@id":"https:\/\/pello.eus\/es\/solucion-un-lado-gobierno-otro\/#primaryimage"},"thumbnailUrl":"https:\/\/pello.eus\/wp-content\/uploads\/2025\/12\/20251211_PO.jpg","articleSection":["Begiradak"],"inLanguage":"es","potentialAction":[{"@type":"CommentAction","name":"Comment","target":["https:\/\/pello.eus\/es\/solucion-un-lado-gobierno-otro\/#respond"]}]},{"@type":"WebPage","@id":"https:\/\/pello.eus\/es\/solucion-un-lado-gobierno-otro\/","url":"https:\/\/pello.eus\/es\/solucion-un-lado-gobierno-otro\/","name":"La soluci\u00f3n por un lado, el Gobierno por otro - Pello Otxandiano Kanpo","isPartOf":{"@id":"https:\/\/pello.eus\/es\/#website"},"primaryImageOfPage":{"@id":"https:\/\/pello.eus\/es\/solucion-un-lado-gobierno-otro\/#primaryimage"},"image":{"@id":"https:\/\/pello.eus\/es\/solucion-un-lado-gobierno-otro\/#primaryimage"},"thumbnailUrl":"https:\/\/pello.eus\/wp-content\/uploads\/2025\/12\/20251211_PO.jpg","datePublished":"2025-12-11T17:20:38+00:00","dateModified":"2025-12-11T17:23:16+00:00","description":"Nadie dice que la crisis de la vivienda sea f\u00e1cil de solucionar. Pero la salida es conocida, y aqu\u00ed tenemos recursos para ponerla en marcha.","breadcrumb":{"@id":"https:\/\/pello.eus\/es\/solucion-un-lado-gobierno-otro\/#breadcrumb"},"inLanguage":"es","potentialAction":[{"@type":"ReadAction","target":["https:\/\/pello.eus\/es\/solucion-un-lado-gobierno-otro\/"]}]},{"@type":"ImageObject","inLanguage":"es","@id":"https:\/\/pello.eus\/es\/solucion-un-lado-gobierno-otro\/#primaryimage","url":"https:\/\/pello.eus\/wp-content\/uploads\/2025\/12\/20251211_PO.jpg","contentUrl":"https:\/\/pello.eus\/wp-content\/uploads\/2025\/12\/20251211_PO.jpg","width":1920,"height":1080},{"@type":"BreadcrumbList","@id":"https:\/\/pello.eus\/es\/solucion-un-lado-gobierno-otro\/#breadcrumb","itemListElement":[{"@type":"ListItem","position":1,"name":"Home","item":"https:\/\/pello.eus\/es\/"},{"@type":"ListItem","position":2,"name":"La soluci\u00f3n por un lado, el Gobierno por otro"}]},{"@type":"WebSite","@id":"https:\/\/pello.eus\/es\/#website","url":"https:\/\/pello.eus\/es\/","name":"Pello Otxandiano Kanpo","description":"Aldatzeko nahia ordezkatu nahi dut. Aspiro a representar el deseo de cambio. EH Bildu candidate for Lehendakari.","publisher":{"@id":"https:\/\/pello.eus\/es\/#organization"},"potentialAction":[{"@type":"SearchAction","target":{"@type":"EntryPoint","urlTemplate":"https:\/\/pello.eus\/es\/?s={search_term_string}"},"query-input":"required name=search_term_string"}],"inLanguage":"es"},{"@type":"Organization","@id":"https:\/\/pello.eus\/es\/#organization","name":"Pello Otxandiano Kanpo","url":"https:\/\/pello.eus\/es\/","logo":{"@type":"ImageObject","inLanguage":"es","@id":"https:\/\/pello.eus\/es\/#\/schema\/logo\/image\/","url":"https:\/\/pello.eus\/wp-content\/uploads\/2024\/01\/pello-eus.jpg","contentUrl":"https:\/\/pello.eus\/wp-content\/uploads\/2024\/01\/pello-eus.jpg","width":1920,"height":1272,"caption":"Pello Otxandiano Kanpo"},"image":{"@id":"https:\/\/pello.eus\/es\/#\/schema\/logo\/image\/"},"sameAs":["https:\/\/www.facebook.com\/p.otxandiano\/","https:\/\/x.com\/PelloOtxandiano","https:\/\/www.tiktok.com\/@pellootxandiano","https:\/\/www.linkedin.com\/in\/pello-otxandiano-kanpo-26b5a8a\/","https:\/\/www.threads.net\/@pellootxandiano"]},{"@type":"Person","@id":"https:\/\/pello.eus\/es\/#\/schema\/person\/186e8bd03e840b05e26815a9e6c02095","name":"p.arzanegi","image":{"@type":"ImageObject","inLanguage":"es","@id":"https:\/\/pello.eus\/es\/#\/schema\/person\/image\/","url":"https:\/\/secure.gravatar.com\/avatar\/62fb854d23b2b5bb9c2b51dce7b35a45?s=96&d=mm&r=g","contentUrl":"https:\/\/secure.gravatar.com\/avatar\/62fb854d23b2b5bb9c2b51dce7b35a45?s=96&d=mm&r=g","caption":"p.arzanegi"},"url":"https:\/\/pello.eus\/es\/author\/p-arzanegi\/"}]}},"_links":{"self":[{"href":"https:\/\/pello.eus\/es\/wp-json\/wp\/v2\/posts\/2884"}],"collection":[{"href":"https:\/\/pello.eus\/es\/wp-json\/wp\/v2\/posts"}],"about":[{"href":"https:\/\/pello.eus\/es\/wp-json\/wp\/v2\/types\/post"}],"author":[{"embeddable":true,"href":"https:\/\/pello.eus\/es\/wp-json\/wp\/v2\/users\/4"}],"replies":[{"embeddable":true,"href":"https:\/\/pello.eus\/es\/wp-json\/wp\/v2\/comments?post=2884"}],"version-history":[{"count":1,"href":"https:\/\/pello.eus\/es\/wp-json\/wp\/v2\/posts\/2884\/revisions"}],"predecessor-version":[{"id":2885,"href":"https:\/\/pello.eus\/es\/wp-json\/wp\/v2\/posts\/2884\/revisions\/2885"}],"wp:featuredmedia":[{"embeddable":true,"href":"https:\/\/pello.eus\/es\/wp-json\/wp\/v2\/media\/2881"}],"wp:attachment":[{"href":"https:\/\/pello.eus\/es\/wp-json\/wp\/v2\/media?parent=2884"}],"wp:term":[{"taxonomy":"category","embeddable":true,"href":"https:\/\/pello.eus\/es\/wp-json\/wp\/v2\/categories?post=2884"},{"taxonomy":"post_tag","embeddable":true,"href":"https:\/\/pello.eus\/es\/wp-json\/wp\/v2\/tags?post=2884"}],"curies":[{"name":"wp","href":"https:\/\/api.w.org\/{rel}","templated":true}]}}