{"id":2876,"date":"2025-11-10T11:23:25","date_gmt":"2025-11-10T10:23:25","guid":{"rendered":"https:\/\/pello.eus\/aportacion-constructiva-convivencia\/"},"modified":"2025-11-10T11:25:02","modified_gmt":"2025-11-10T10:25:02","slug":"aportacion-constructiva-convivencia","status":"publish","type":"post","link":"https:\/\/pello.eus\/es\/aportacion-constructiva-convivencia\/","title":{"rendered":"Una aportaci\u00f3n constructiva a la convivencia"},"content":{"rendered":"\n<p>Defendemos una memoria inclusiva, que reconozca y respete todos los sufrimientos y a todas las v\u00edctimas, porque creemos firmemente que ese es el camino para construir una convivencia verdaderamente democr\u00e1tica. EH Bildu est\u00e1 aqu\u00ed para hacer una aportaci\u00f3n constructiva a la convivencia en Euskal Herria, siempre desde la responsabilidad pol\u00edtica y el respeto.<\/p>\n\n<p>Para nosotras y nosotros, el \u00e1mbito de la convivencia y la memoria no debe convertirse en un terreno de disputa pol\u00edtica, y mucho menos en un espacio para el enfrentamiento est\u00e9ril. Este a\u00f1o, adem\u00e1s, el D\u00eda de la Memoria llega marcado por una efem\u00e9ride y un contexto especiales: se cumplen 50 a\u00f1os de la muerte de Franco, de la coronaci\u00f3n de Juan Carlos de Borb\u00f3n y de los \u00faltimos fusilamientos del franquismo, entre otros, los de Txiki y Otaegi.<\/p>\n\n<p>El Lehendakari advirti\u00f3 de que pueden llegar tiempos oscuros y de que existen sectores fascistas y autoritarios que pretenden hacernos retroceder. Por eso, consideramos que la memoria debe servir para extraer lecciones y unirnos como pueblo frente al fascismo.<\/p>\n","protected":false},"excerpt":{"rendered":"<p>Defendemos una memoria inclusiva, que reconozca y respete todos los sufrimientos y a todas las v\u00edctimas, porque creemos firmemente que ese es el camino para construir una convivencia verdaderamente democr\u00e1tica. EH Bildu est\u00e1 aqu\u00ed para hacer una aportaci\u00f3n constructiva a la convivencia en Euskal Herria, siempre desde la responsabilidad pol\u00edtica y el respeto. Para nosotras [&hellip;]<\/p>\n","protected":false},"author":4,"featured_media":2874,"comment_status":"open","ping_status":"closed","sticky":false,"template":"","format":"standard","meta":{"_acf_changed":false,"footnotes":""},"categories":[4],"tags":[],"acf":[],"yoast_head":"<!-- This site is optimized with the Yoast SEO plugin v22.9 - https:\/\/yoast.com\/wordpress\/plugins\/seo\/ -->\n<title>Una aportaci\u00f3n constructiva a la convivencia - Pello Otxandiano Kanpo<\/title>\n<meta name=\"description\" content=\"El \u00e1mbito de la convivencia y la memoria no debe convertirse en un terreno de disputa pol\u00edtica.\" \/>\n<meta name=\"robots\" content=\"index, follow, max-snippet:-1, max-image-preview:large, max-video-preview:-1\" \/>\n<link rel=\"canonical\" href=\"https:\/\/pello.eus\/es\/aportacion-constructiva-convivencia\/\" \/>\n<meta property=\"og:locale\" content=\"es_ES\" \/>\n<meta property=\"og:type\" content=\"article\" \/>\n<meta property=\"og:title\" content=\"Una aportaci\u00f3n constructiva a la convivencia - Pello Otxandiano Kanpo\" \/>\n<meta property=\"og:description\" content=\"El \u00e1mbito de la convivencia y la memoria no debe convertirse en un terreno de disputa pol\u00edtica.\" \/>\n<meta property=\"og:url\" content=\"https:\/\/pello.eus\/es\/aportacion-constructiva-convivencia\/\" \/>\n<meta property=\"og:site_name\" content=\"Pello Otxandiano Kanpo\" \/>\n<meta property=\"article:publisher\" content=\"https:\/\/www.facebook.com\/p.otxandiano\/\" \/>\n<meta property=\"article:published_time\" content=\"2025-11-10T10:23:25+00:00\" \/>\n<meta property=\"article:modified_time\" content=\"2025-11-10T10:25:02+00:00\" \/>\n<meta property=\"og:image\" content=\"https:\/\/pello.eus\/wp-content\/uploads\/2025\/11\/20251110.jpg\" \/>\n\t<meta property=\"og:image:width\" content=\"1920\" \/>\n\t<meta property=\"og:image:height\" content=\"1080\" \/>\n\t<meta property=\"og:image:type\" content=\"image\/jpeg\" \/>\n<meta name=\"author\" content=\"p.arzanegi\" \/>\n<meta name=\"twitter:card\" content=\"summary_large_image\" \/>\n<meta name=\"twitter:creator\" content=\"@PelloOtxandiano\" \/>\n<meta name=\"twitter:site\" content=\"@PelloOtxandiano\" \/>\n<meta name=\"twitter:label1\" content=\"Escrito por\" \/>\n\t<meta name=\"twitter:data1\" content=\"p.arzanegi\" \/>\n\t<meta name=\"twitter:label2\" content=\"Tiempo de lectura\" \/>\n\t<meta name=\"twitter:data2\" content=\"1 minuto\" \/>\n<script type=\"application\/ld+json\" class=\"yoast-schema-graph\">{\"@context\":\"https:\/\/schema.org\",\"@graph\":[{\"@type\":\"Article\",\"@id\":\"https:\/\/pello.eus\/es\/aportacion-constructiva-convivencia\/#article\",\"isPartOf\":{\"@id\":\"https:\/\/pello.eus\/es\/aportacion-constructiva-convivencia\/\"},\"author\":{\"name\":\"p.arzanegi\",\"@id\":\"https:\/\/pello.eus\/es\/#\/schema\/person\/186e8bd03e840b05e26815a9e6c02095\"},\"headline\":\"Una aportaci\u00f3n constructiva a la convivencia\",\"datePublished\":\"2025-11-10T10:23:25+00:00\",\"dateModified\":\"2025-11-10T10:25:02+00:00\",\"mainEntityOfPage\":{\"@id\":\"https:\/\/pello.eus\/es\/aportacion-constructiva-convivencia\/\"},\"wordCount\":190,\"commentCount\":0,\"publisher\":{\"@id\":\"https:\/\/pello.eus\/es\/#organization\"},\"image\":{\"@id\":\"https:\/\/pello.eus\/es\/aportacion-constructiva-convivencia\/#primaryimage\"},\"thumbnailUrl\":\"https:\/\/pello.eus\/wp-content\/uploads\/2025\/11\/20251110.jpg\",\"articleSection\":[\"Begiradak\"],\"inLanguage\":\"es\",\"potentialAction\":[{\"@type\":\"CommentAction\",\"name\":\"Comment\",\"target\":[\"https:\/\/pello.eus\/es\/aportacion-constructiva-convivencia\/#respond\"]}]},{\"@type\":\"WebPage\",\"@id\":\"https:\/\/pello.eus\/es\/aportacion-constructiva-convivencia\/\",\"url\":\"https:\/\/pello.eus\/es\/aportacion-constructiva-convivencia\/\",\"name\":\"Una aportaci\u00f3n constructiva a la convivencia - Pello Otxandiano Kanpo\",\"isPartOf\":{\"@id\":\"https:\/\/pello.eus\/es\/#website\"},\"primaryImageOfPage\":{\"@id\":\"https:\/\/pello.eus\/es\/aportacion-constructiva-convivencia\/#primaryimage\"},\"image\":{\"@id\":\"https:\/\/pello.eus\/es\/aportacion-constructiva-convivencia\/#primaryimage\"},\"thumbnailUrl\":\"https:\/\/pello.eus\/wp-content\/uploads\/2025\/11\/20251110.jpg\",\"datePublished\":\"2025-11-10T10:23:25+00:00\",\"dateModified\":\"2025-11-10T10:25:02+00:00\",\"description\":\"El \u00e1mbito de la convivencia y la memoria no debe convertirse en un terreno de disputa pol\u00edtica.\",\"breadcrumb\":{\"@id\":\"https:\/\/pello.eus\/es\/aportacion-constructiva-convivencia\/#breadcrumb\"},\"inLanguage\":\"es\",\"potentialAction\":[{\"@type\":\"ReadAction\",\"target\":[\"https:\/\/pello.eus\/es\/aportacion-constructiva-convivencia\/\"]}]},{\"@type\":\"ImageObject\",\"inLanguage\":\"es\",\"@id\":\"https:\/\/pello.eus\/es\/aportacion-constructiva-convivencia\/#primaryimage\",\"url\":\"https:\/\/pello.eus\/wp-content\/uploads\/2025\/11\/20251110.jpg\",\"contentUrl\":\"https:\/\/pello.eus\/wp-content\/uploads\/2025\/11\/20251110.jpg\",\"width\":1920,\"height\":1080},{\"@type\":\"BreadcrumbList\",\"@id\":\"https:\/\/pello.eus\/es\/aportacion-constructiva-convivencia\/#breadcrumb\",\"itemListElement\":[{\"@type\":\"ListItem\",\"position\":1,\"name\":\"Home\",\"item\":\"https:\/\/pello.eus\/es\/\"},{\"@type\":\"ListItem\",\"position\":2,\"name\":\"Una aportaci\u00f3n constructiva a la convivencia\"}]},{\"@type\":\"WebSite\",\"@id\":\"https:\/\/pello.eus\/es\/#website\",\"url\":\"https:\/\/pello.eus\/es\/\",\"name\":\"Pello Otxandiano Kanpo\",\"description\":\"Aldatzeko nahia ordezkatu nahi dut. Aspiro a representar el deseo de cambio. EH Bildu candidate for Lehendakari.\",\"publisher\":{\"@id\":\"https:\/\/pello.eus\/es\/#organization\"},\"potentialAction\":[{\"@type\":\"SearchAction\",\"target\":{\"@type\":\"EntryPoint\",\"urlTemplate\":\"https:\/\/pello.eus\/es\/?s={search_term_string}\"},\"query-input\":\"required name=search_term_string\"}],\"inLanguage\":\"es\"},{\"@type\":\"Organization\",\"@id\":\"https:\/\/pello.eus\/es\/#organization\",\"name\":\"Pello Otxandiano Kanpo\",\"url\":\"https:\/\/pello.eus\/es\/\",\"logo\":{\"@type\":\"ImageObject\",\"inLanguage\":\"es\",\"@id\":\"https:\/\/pello.eus\/es\/#\/schema\/logo\/image\/\",\"url\":\"https:\/\/pello.eus\/wp-content\/uploads\/2024\/01\/pello-eus.jpg\",\"contentUrl\":\"https:\/\/pello.eus\/wp-content\/uploads\/2024\/01\/pello-eus.jpg\",\"width\":1920,\"height\":1272,\"caption\":\"Pello Otxandiano Kanpo\"},\"image\":{\"@id\":\"https:\/\/pello.eus\/es\/#\/schema\/logo\/image\/\"},\"sameAs\":[\"https:\/\/www.facebook.com\/p.otxandiano\/\",\"https:\/\/x.com\/PelloOtxandiano\",\"https:\/\/www.tiktok.com\/@pellootxandiano\",\"https:\/\/www.linkedin.com\/in\/pello-otxandiano-kanpo-26b5a8a\/\",\"https:\/\/www.threads.net\/@pellootxandiano\"]},{\"@type\":\"Person\",\"@id\":\"https:\/\/pello.eus\/es\/#\/schema\/person\/186e8bd03e840b05e26815a9e6c02095\",\"name\":\"p.arzanegi\",\"image\":{\"@type\":\"ImageObject\",\"inLanguage\":\"es\",\"@id\":\"https:\/\/pello.eus\/es\/#\/schema\/person\/image\/\",\"url\":\"https:\/\/secure.gravatar.com\/avatar\/62fb854d23b2b5bb9c2b51dce7b35a45?s=96&d=mm&r=g\",\"contentUrl\":\"https:\/\/secure.gravatar.com\/avatar\/62fb854d23b2b5bb9c2b51dce7b35a45?s=96&d=mm&r=g\",\"caption\":\"p.arzanegi\"},\"url\":\"https:\/\/pello.eus\/es\/author\/p-arzanegi\/\"}]}<\/script>\n<!-- \/ Yoast SEO plugin. -->","yoast_head_json":{"title":"Una aportaci\u00f3n constructiva a la convivencia - Pello Otxandiano Kanpo","description":"El \u00e1mbito de la convivencia y la memoria no debe convertirse en un terreno de disputa pol\u00edtica.","robots":{"index":"index","follow":"follow","max-snippet":"max-snippet:-1","max-image-preview":"max-image-preview:large","max-video-preview":"max-video-preview:-1"},"canonical":"https:\/\/pello.eus\/es\/aportacion-constructiva-convivencia\/","og_locale":"es_ES","og_type":"article","og_title":"Una aportaci\u00f3n constructiva a la convivencia - Pello Otxandiano Kanpo","og_description":"El \u00e1mbito de la convivencia y la memoria no debe convertirse en un terreno de disputa pol\u00edtica.","og_url":"https:\/\/pello.eus\/es\/aportacion-constructiva-convivencia\/","og_site_name":"Pello Otxandiano Kanpo","article_publisher":"https:\/\/www.facebook.com\/p.otxandiano\/","article_published_time":"2025-11-10T10:23:25+00:00","article_modified_time":"2025-11-10T10:25:02+00:00","og_image":[{"width":1920,"height":1080,"url":"https:\/\/pello.eus\/wp-content\/uploads\/2025\/11\/20251110.jpg","type":"image\/jpeg"}],"author":"p.arzanegi","twitter_card":"summary_large_image","twitter_creator":"@PelloOtxandiano","twitter_site":"@PelloOtxandiano","twitter_misc":{"Escrito por":"p.arzanegi","Tiempo de lectura":"1 minuto"},"schema":{"@context":"https:\/\/schema.org","@graph":[{"@type":"Article","@id":"https:\/\/pello.eus\/es\/aportacion-constructiva-convivencia\/#article","isPartOf":{"@id":"https:\/\/pello.eus\/es\/aportacion-constructiva-convivencia\/"},"author":{"name":"p.arzanegi","@id":"https:\/\/pello.eus\/es\/#\/schema\/person\/186e8bd03e840b05e26815a9e6c02095"},"headline":"Una aportaci\u00f3n constructiva a la convivencia","datePublished":"2025-11-10T10:23:25+00:00","dateModified":"2025-11-10T10:25:02+00:00","mainEntityOfPage":{"@id":"https:\/\/pello.eus\/es\/aportacion-constructiva-convivencia\/"},"wordCount":190,"commentCount":0,"publisher":{"@id":"https:\/\/pello.eus\/es\/#organization"},"image":{"@id":"https:\/\/pello.eus\/es\/aportacion-constructiva-convivencia\/#primaryimage"},"thumbnailUrl":"https:\/\/pello.eus\/wp-content\/uploads\/2025\/11\/20251110.jpg","articleSection":["Begiradak"],"inLanguage":"es","potentialAction":[{"@type":"CommentAction","name":"Comment","target":["https:\/\/pello.eus\/es\/aportacion-constructiva-convivencia\/#respond"]}]},{"@type":"WebPage","@id":"https:\/\/pello.eus\/es\/aportacion-constructiva-convivencia\/","url":"https:\/\/pello.eus\/es\/aportacion-constructiva-convivencia\/","name":"Una aportaci\u00f3n constructiva a la convivencia - Pello Otxandiano Kanpo","isPartOf":{"@id":"https:\/\/pello.eus\/es\/#website"},"primaryImageOfPage":{"@id":"https:\/\/pello.eus\/es\/aportacion-constructiva-convivencia\/#primaryimage"},"image":{"@id":"https:\/\/pello.eus\/es\/aportacion-constructiva-convivencia\/#primaryimage"},"thumbnailUrl":"https:\/\/pello.eus\/wp-content\/uploads\/2025\/11\/20251110.jpg","datePublished":"2025-11-10T10:23:25+00:00","dateModified":"2025-11-10T10:25:02+00:00","description":"El \u00e1mbito de la convivencia y la memoria no debe convertirse en un terreno de disputa pol\u00edtica.","breadcrumb":{"@id":"https:\/\/pello.eus\/es\/aportacion-constructiva-convivencia\/#breadcrumb"},"inLanguage":"es","potentialAction":[{"@type":"ReadAction","target":["https:\/\/pello.eus\/es\/aportacion-constructiva-convivencia\/"]}]},{"@type":"ImageObject","inLanguage":"es","@id":"https:\/\/pello.eus\/es\/aportacion-constructiva-convivencia\/#primaryimage","url":"https:\/\/pello.eus\/wp-content\/uploads\/2025\/11\/20251110.jpg","contentUrl":"https:\/\/pello.eus\/wp-content\/uploads\/2025\/11\/20251110.jpg","width":1920,"height":1080},{"@type":"BreadcrumbList","@id":"https:\/\/pello.eus\/es\/aportacion-constructiva-convivencia\/#breadcrumb","itemListElement":[{"@type":"ListItem","position":1,"name":"Home","item":"https:\/\/pello.eus\/es\/"},{"@type":"ListItem","position":2,"name":"Una aportaci\u00f3n constructiva a la convivencia"}]},{"@type":"WebSite","@id":"https:\/\/pello.eus\/es\/#website","url":"https:\/\/pello.eus\/es\/","name":"Pello Otxandiano Kanpo","description":"Aldatzeko nahia ordezkatu nahi dut. Aspiro a representar el deseo de cambio. EH Bildu candidate for Lehendakari.","publisher":{"@id":"https:\/\/pello.eus\/es\/#organization"},"potentialAction":[{"@type":"SearchAction","target":{"@type":"EntryPoint","urlTemplate":"https:\/\/pello.eus\/es\/?s={search_term_string}"},"query-input":"required name=search_term_string"}],"inLanguage":"es"},{"@type":"Organization","@id":"https:\/\/pello.eus\/es\/#organization","name":"Pello Otxandiano Kanpo","url":"https:\/\/pello.eus\/es\/","logo":{"@type":"ImageObject","inLanguage":"es","@id":"https:\/\/pello.eus\/es\/#\/schema\/logo\/image\/","url":"https:\/\/pello.eus\/wp-content\/uploads\/2024\/01\/pello-eus.jpg","contentUrl":"https:\/\/pello.eus\/wp-content\/uploads\/2024\/01\/pello-eus.jpg","width":1920,"height":1272,"caption":"Pello Otxandiano Kanpo"},"image":{"@id":"https:\/\/pello.eus\/es\/#\/schema\/logo\/image\/"},"sameAs":["https:\/\/www.facebook.com\/p.otxandiano\/","https:\/\/x.com\/PelloOtxandiano","https:\/\/www.tiktok.com\/@pellootxandiano","https:\/\/www.linkedin.com\/in\/pello-otxandiano-kanpo-26b5a8a\/","https:\/\/www.threads.net\/@pellootxandiano"]},{"@type":"Person","@id":"https:\/\/pello.eus\/es\/#\/schema\/person\/186e8bd03e840b05e26815a9e6c02095","name":"p.arzanegi","image":{"@type":"ImageObject","inLanguage":"es","@id":"https:\/\/pello.eus\/es\/#\/schema\/person\/image\/","url":"https:\/\/secure.gravatar.com\/avatar\/62fb854d23b2b5bb9c2b51dce7b35a45?s=96&d=mm&r=g","contentUrl":"https:\/\/secure.gravatar.com\/avatar\/62fb854d23b2b5bb9c2b51dce7b35a45?s=96&d=mm&r=g","caption":"p.arzanegi"},"url":"https:\/\/pello.eus\/es\/author\/p-arzanegi\/"}]}},"_links":{"self":[{"href":"https:\/\/pello.eus\/es\/wp-json\/wp\/v2\/posts\/2876"}],"collection":[{"href":"https:\/\/pello.eus\/es\/wp-json\/wp\/v2\/posts"}],"about":[{"href":"https:\/\/pello.eus\/es\/wp-json\/wp\/v2\/types\/post"}],"author":[{"embeddable":true,"href":"https:\/\/pello.eus\/es\/wp-json\/wp\/v2\/users\/4"}],"replies":[{"embeddable":true,"href":"https:\/\/pello.eus\/es\/wp-json\/wp\/v2\/comments?post=2876"}],"version-history":[{"count":1,"href":"https:\/\/pello.eus\/es\/wp-json\/wp\/v2\/posts\/2876\/revisions"}],"predecessor-version":[{"id":2877,"href":"https:\/\/pello.eus\/es\/wp-json\/wp\/v2\/posts\/2876\/revisions\/2877"}],"wp:featuredmedia":[{"embeddable":true,"href":"https:\/\/pello.eus\/es\/wp-json\/wp\/v2\/media\/2874"}],"wp:attachment":[{"href":"https:\/\/pello.eus\/es\/wp-json\/wp\/v2\/media?parent=2876"}],"wp:term":[{"taxonomy":"category","embeddable":true,"href":"https:\/\/pello.eus\/es\/wp-json\/wp\/v2\/categories?post=2876"},{"taxonomy":"post_tag","embeddable":true,"href":"https:\/\/pello.eus\/es\/wp-json\/wp\/v2\/tags?post=2876"}],"curies":[{"name":"wp","href":"https:\/\/api.w.org\/{rel}","templated":true}]}}