{"id":2859,"date":"2025-10-21T10:59:18","date_gmt":"2025-10-21T09:59:18","guid":{"rendered":"https:\/\/pello.eus\/a-favor-de-que-el-salario-minimo-se-decida-aqui\/"},"modified":"2025-10-21T11:38:55","modified_gmt":"2025-10-21T10:38:55","slug":"a-favor-de-que-el-salario-minimo-se-decida-aqui","status":"publish","type":"post","link":"https:\/\/pello.eus\/es\/a-favor-de-que-el-salario-minimo-se-decida-aqui\/","title":{"rendered":"A favor de que el salario m\u00ednimo se decida aqu\u00ed"},"content":{"rendered":"\n<p>El Gobierno Vasco vuelve a dar la espalda a la voluntad de miles de vascas y vascos que, a trav\u00e9s de su apoyo a la Iniciativa Legislativa Popular presentada por la mayor\u00eda sindical de este pa\u00eds, exigen un salario suficiente que dignifique las condiciones de vida.<\/p>\n\n\n\n<p>En un contexto en el que la incertidumbre econ\u00f3mica y la ruptura del contrato social forman parte del discurso de la mayor\u00eda de las fuerzas pol\u00edticas, es un error que el PNV y el PSE no gobiernen en consecuencia. La precariedad laboral, junto con la emergencia habitacional, se ha convertido en el principal obst\u00e1culo para el desarrollo de proyectos de vida de cada vez m\u00e1s personas, especialmente de la juventud vasca. Tal y como alertaba un informe remitido recientemente por el propio Gobierno Vasco, las y los j\u00f3venes vascos ven retrasada su emancipaci\u00f3n casi cuatro a\u00f1os respecto a la media europea.<\/p>\n\n\n\n<p>Esta situaci\u00f3n genera un malestar emocional que se asume en el discurso pol\u00edtico pero cuyas causas no se abordan mediante pol\u00edticas p\u00fablicas. Persistir en las mismas pol\u00edticas que nos han tra\u00eddo a esta situaci\u00f3n no es una opci\u00f3n y no reconocer el ejercicio democr\u00e1tico que representa una Iniciativa Legislativa Popular constituye un grave error por parte de un Gobierno que dice querer acercar las instituciones a la calle. Esta actitud, adem\u00e1s, alimenta la desconfianza, especialmente cuando se recurre a argumentos tramposos.<\/p>\n\n\n\n<p>Porque, si el PNV fuese coherente con su propio argumento de \u201cdisponer de herramientas propias y no delegadas en materia socio-laboral\u201d, deber\u00eda haber renunciado a la transferencia de las prestaciones por desempleo, que calific\u00f3 como \u201chist\u00f3rica\u201d hace apenas un mes por cuanto que el Estado mantendr\u00e1 la capacidad normativa con respecto, por ejemplo, a la posibilidad de modificaci\u00f3n de los importes de las prestaciones. Es decir, que el argumento de que no debemos plantear un salario m\u00ednimo propio v\u00eda delegaci\u00f3n de competencias sino ambicionar a la capacidad soberana de regular un marco vasco de relaciones laborales deber\u00eda valer, de igual manera, para rechazar la transferencia de la prestaci\u00f3n por desempleo fuera del marco de la gesti\u00f3n completa del r\u00e9gimen econ\u00f3mico de la seguridad social que permitiera legislar sobre cuant\u00edas de las prestaciones contributivas y asistenciales, requisitos de acceso y duraci\u00f3n o l\u00edmites y porcentajes de las cotizaciones sociales. Lo mismo se podr\u00eda decir, por ejemplo, con respecto al traspaso de la transferencia de la gesti\u00f3n de los aeropuertos.<\/p>\n\n\n\n<p>Resulta, adem\u00e1s, significativo el uso de este argumento cuando el proceso involutivo por parte del Estado que afecta medularmente al Estatuto de Gernika es m\u00e1s que evidente desde hace a\u00f1os en pr\u00e1cticamente todas nuestras competencias.<\/p>\n\n\n\n<p>Por todo ello, creemos que se trata m\u00e1s de una excusa que de una raz\u00f3n de peso que se utilizar\u00e1 para reafirmar la capacidad de veto de Confebask. EH Bildu lo tiene claro: en coherencia con la demanda mayoritaria representada en el Parlamento Vasco, por la mayor\u00eda sindical y por la sociedad vasca, se puede y se debe tramitar la Iniciativa Legislativa Popular en favor de un Salario M\u00ednimo Interprofesional acorde a nuestra realidad socioecon\u00f3mica.<\/p>\n","protected":false},"excerpt":{"rendered":"<p>El Gobierno Vasco vuelve a dar la espalda a la voluntad de miles de vascas y vascos que, a trav\u00e9s de su apoyo a la Iniciativa Legislativa Popular presentada por la mayor\u00eda sindical de este pa\u00eds, exigen un salario suficiente que dignifique las condiciones de vida. En un contexto en el que la incertidumbre econ\u00f3mica [&hellip;]<\/p>\n","protected":false},"author":4,"featured_media":2857,"comment_status":"open","ping_status":"closed","sticky":false,"template":"","format":"standard","meta":{"_acf_changed":false,"footnotes":""},"categories":[4],"tags":[],"acf":[],"yoast_head":"<!-- This site is optimized with the Yoast SEO plugin v22.9 - https:\/\/yoast.com\/wordpress\/plugins\/seo\/ -->\n<title>A favor de que el salario m\u00ednimo se decida aqu\u00ed - Pello Otxandiano Kanpo<\/title>\n<meta name=\"description\" content=\"El Gobierno Vasco ha vuelto a dar la espalda a la voluntad de miles de ciudadanos y ciudadanas vascas.\" \/>\n<meta name=\"robots\" content=\"index, follow, max-snippet:-1, max-image-preview:large, max-video-preview:-1\" \/>\n<link rel=\"canonical\" href=\"https:\/\/pello.eus\/es\/a-favor-de-que-el-salario-minimo-se-decida-aqui\/\" \/>\n<meta property=\"og:locale\" content=\"es_ES\" \/>\n<meta property=\"og:type\" content=\"article\" \/>\n<meta property=\"og:title\" content=\"A favor de que el salario m\u00ednimo se decida aqu\u00ed - Pello Otxandiano Kanpo\" \/>\n<meta property=\"og:description\" content=\"El Gobierno Vasco ha vuelto a dar la espalda a la voluntad de miles de ciudadanos y ciudadanas vascas.\" \/>\n<meta property=\"og:url\" content=\"https:\/\/pello.eus\/es\/a-favor-de-que-el-salario-minimo-se-decida-aqui\/\" \/>\n<meta property=\"og:site_name\" content=\"Pello Otxandiano Kanpo\" \/>\n<meta property=\"article:publisher\" content=\"https:\/\/www.facebook.com\/p.otxandiano\/\" \/>\n<meta property=\"article:published_time\" content=\"2025-10-21T09:59:18+00:00\" \/>\n<meta property=\"article:modified_time\" content=\"2025-10-21T10:38:55+00:00\" \/>\n<meta property=\"og:image\" content=\"https:\/\/pello.eus\/wp-content\/uploads\/2025\/10\/SMI_ILP_TX.jpg\" \/>\n\t<meta property=\"og:image:width\" content=\"1920\" \/>\n\t<meta property=\"og:image:height\" content=\"1080\" \/>\n\t<meta property=\"og:image:type\" content=\"image\/jpeg\" \/>\n<meta name=\"author\" content=\"p.arzanegi\" \/>\n<meta name=\"twitter:card\" content=\"summary_large_image\" \/>\n<meta name=\"twitter:creator\" content=\"@PelloOtxandiano\" \/>\n<meta name=\"twitter:site\" content=\"@PelloOtxandiano\" \/>\n<meta name=\"twitter:label1\" content=\"Escrito por\" \/>\n\t<meta name=\"twitter:data1\" content=\"p.arzanegi\" \/>\n\t<meta name=\"twitter:label2\" content=\"Tiempo de lectura\" \/>\n\t<meta name=\"twitter:data2\" content=\"3 minutos\" \/>\n<script type=\"application\/ld+json\" class=\"yoast-schema-graph\">{\"@context\":\"https:\/\/schema.org\",\"@graph\":[{\"@type\":\"Article\",\"@id\":\"https:\/\/pello.eus\/es\/a-favor-de-que-el-salario-minimo-se-decida-aqui\/#article\",\"isPartOf\":{\"@id\":\"https:\/\/pello.eus\/es\/a-favor-de-que-el-salario-minimo-se-decida-aqui\/\"},\"author\":{\"name\":\"p.arzanegi\",\"@id\":\"https:\/\/pello.eus\/es\/#\/schema\/person\/186e8bd03e840b05e26815a9e6c02095\"},\"headline\":\"A favor de que el salario m\u00ednimo se decida aqu\u00ed\",\"datePublished\":\"2025-10-21T09:59:18+00:00\",\"dateModified\":\"2025-10-21T10:38:55+00:00\",\"mainEntityOfPage\":{\"@id\":\"https:\/\/pello.eus\/es\/a-favor-de-que-el-salario-minimo-se-decida-aqui\/\"},\"wordCount\":563,\"commentCount\":0,\"publisher\":{\"@id\":\"https:\/\/pello.eus\/es\/#organization\"},\"image\":{\"@id\":\"https:\/\/pello.eus\/es\/a-favor-de-que-el-salario-minimo-se-decida-aqui\/#primaryimage\"},\"thumbnailUrl\":\"https:\/\/pello.eus\/wp-content\/uploads\/2025\/10\/SMI_ILP_TX.jpg\",\"articleSection\":[\"Begiradak\"],\"inLanguage\":\"es\",\"potentialAction\":[{\"@type\":\"CommentAction\",\"name\":\"Comment\",\"target\":[\"https:\/\/pello.eus\/es\/a-favor-de-que-el-salario-minimo-se-decida-aqui\/#respond\"]}]},{\"@type\":\"WebPage\",\"@id\":\"https:\/\/pello.eus\/es\/a-favor-de-que-el-salario-minimo-se-decida-aqui\/\",\"url\":\"https:\/\/pello.eus\/es\/a-favor-de-que-el-salario-minimo-se-decida-aqui\/\",\"name\":\"A favor de que el salario m\u00ednimo se decida aqu\u00ed - Pello Otxandiano Kanpo\",\"isPartOf\":{\"@id\":\"https:\/\/pello.eus\/es\/#website\"},\"primaryImageOfPage\":{\"@id\":\"https:\/\/pello.eus\/es\/a-favor-de-que-el-salario-minimo-se-decida-aqui\/#primaryimage\"},\"image\":{\"@id\":\"https:\/\/pello.eus\/es\/a-favor-de-que-el-salario-minimo-se-decida-aqui\/#primaryimage\"},\"thumbnailUrl\":\"https:\/\/pello.eus\/wp-content\/uploads\/2025\/10\/SMI_ILP_TX.jpg\",\"datePublished\":\"2025-10-21T09:59:18+00:00\",\"dateModified\":\"2025-10-21T10:38:55+00:00\",\"description\":\"El Gobierno Vasco ha vuelto a dar la espalda a la voluntad de miles de ciudadanos y ciudadanas vascas.\",\"breadcrumb\":{\"@id\":\"https:\/\/pello.eus\/es\/a-favor-de-que-el-salario-minimo-se-decida-aqui\/#breadcrumb\"},\"inLanguage\":\"es\",\"potentialAction\":[{\"@type\":\"ReadAction\",\"target\":[\"https:\/\/pello.eus\/es\/a-favor-de-que-el-salario-minimo-se-decida-aqui\/\"]}]},{\"@type\":\"ImageObject\",\"inLanguage\":\"es\",\"@id\":\"https:\/\/pello.eus\/es\/a-favor-de-que-el-salario-minimo-se-decida-aqui\/#primaryimage\",\"url\":\"https:\/\/pello.eus\/wp-content\/uploads\/2025\/10\/SMI_ILP_TX.jpg\",\"contentUrl\":\"https:\/\/pello.eus\/wp-content\/uploads\/2025\/10\/SMI_ILP_TX.jpg\",\"width\":1920,\"height\":1080},{\"@type\":\"BreadcrumbList\",\"@id\":\"https:\/\/pello.eus\/es\/a-favor-de-que-el-salario-minimo-se-decida-aqui\/#breadcrumb\",\"itemListElement\":[{\"@type\":\"ListItem\",\"position\":1,\"name\":\"Home\",\"item\":\"https:\/\/pello.eus\/es\/\"},{\"@type\":\"ListItem\",\"position\":2,\"name\":\"A favor de que el salario m\u00ednimo se decida aqu\u00ed\"}]},{\"@type\":\"WebSite\",\"@id\":\"https:\/\/pello.eus\/es\/#website\",\"url\":\"https:\/\/pello.eus\/es\/\",\"name\":\"Pello Otxandiano Kanpo\",\"description\":\"Aldatzeko nahia ordezkatu nahi dut. Aspiro a representar el deseo de cambio. EH Bildu candidate for Lehendakari.\",\"publisher\":{\"@id\":\"https:\/\/pello.eus\/es\/#organization\"},\"potentialAction\":[{\"@type\":\"SearchAction\",\"target\":{\"@type\":\"EntryPoint\",\"urlTemplate\":\"https:\/\/pello.eus\/es\/?s={search_term_string}\"},\"query-input\":\"required name=search_term_string\"}],\"inLanguage\":\"es\"},{\"@type\":\"Organization\",\"@id\":\"https:\/\/pello.eus\/es\/#organization\",\"name\":\"Pello Otxandiano Kanpo\",\"url\":\"https:\/\/pello.eus\/es\/\",\"logo\":{\"@type\":\"ImageObject\",\"inLanguage\":\"es\",\"@id\":\"https:\/\/pello.eus\/es\/#\/schema\/logo\/image\/\",\"url\":\"https:\/\/pello.eus\/wp-content\/uploads\/2024\/01\/pello-eus.jpg\",\"contentUrl\":\"https:\/\/pello.eus\/wp-content\/uploads\/2024\/01\/pello-eus.jpg\",\"width\":1920,\"height\":1272,\"caption\":\"Pello Otxandiano Kanpo\"},\"image\":{\"@id\":\"https:\/\/pello.eus\/es\/#\/schema\/logo\/image\/\"},\"sameAs\":[\"https:\/\/www.facebook.com\/p.otxandiano\/\",\"https:\/\/x.com\/PelloOtxandiano\",\"https:\/\/www.tiktok.com\/@pellootxandiano\",\"https:\/\/www.linkedin.com\/in\/pello-otxandiano-kanpo-26b5a8a\/\",\"https:\/\/www.threads.net\/@pellootxandiano\"]},{\"@type\":\"Person\",\"@id\":\"https:\/\/pello.eus\/es\/#\/schema\/person\/186e8bd03e840b05e26815a9e6c02095\",\"name\":\"p.arzanegi\",\"image\":{\"@type\":\"ImageObject\",\"inLanguage\":\"es\",\"@id\":\"https:\/\/pello.eus\/es\/#\/schema\/person\/image\/\",\"url\":\"https:\/\/secure.gravatar.com\/avatar\/62fb854d23b2b5bb9c2b51dce7b35a45?s=96&d=mm&r=g\",\"contentUrl\":\"https:\/\/secure.gravatar.com\/avatar\/62fb854d23b2b5bb9c2b51dce7b35a45?s=96&d=mm&r=g\",\"caption\":\"p.arzanegi\"},\"url\":\"https:\/\/pello.eus\/es\/author\/p-arzanegi\/\"}]}<\/script>\n<!-- \/ Yoast SEO plugin. -->","yoast_head_json":{"title":"A favor de que el salario m\u00ednimo se decida aqu\u00ed - Pello Otxandiano Kanpo","description":"El Gobierno Vasco ha vuelto a dar la espalda a la voluntad de miles de ciudadanos y ciudadanas vascas.","robots":{"index":"index","follow":"follow","max-snippet":"max-snippet:-1","max-image-preview":"max-image-preview:large","max-video-preview":"max-video-preview:-1"},"canonical":"https:\/\/pello.eus\/es\/a-favor-de-que-el-salario-minimo-se-decida-aqui\/","og_locale":"es_ES","og_type":"article","og_title":"A favor de que el salario m\u00ednimo se decida aqu\u00ed - Pello Otxandiano Kanpo","og_description":"El Gobierno Vasco ha vuelto a dar la espalda a la voluntad de miles de ciudadanos y ciudadanas vascas.","og_url":"https:\/\/pello.eus\/es\/a-favor-de-que-el-salario-minimo-se-decida-aqui\/","og_site_name":"Pello Otxandiano Kanpo","article_publisher":"https:\/\/www.facebook.com\/p.otxandiano\/","article_published_time":"2025-10-21T09:59:18+00:00","article_modified_time":"2025-10-21T10:38:55+00:00","og_image":[{"width":1920,"height":1080,"url":"https:\/\/pello.eus\/wp-content\/uploads\/2025\/10\/SMI_ILP_TX.jpg","type":"image\/jpeg"}],"author":"p.arzanegi","twitter_card":"summary_large_image","twitter_creator":"@PelloOtxandiano","twitter_site":"@PelloOtxandiano","twitter_misc":{"Escrito por":"p.arzanegi","Tiempo de lectura":"3 minutos"},"schema":{"@context":"https:\/\/schema.org","@graph":[{"@type":"Article","@id":"https:\/\/pello.eus\/es\/a-favor-de-que-el-salario-minimo-se-decida-aqui\/#article","isPartOf":{"@id":"https:\/\/pello.eus\/es\/a-favor-de-que-el-salario-minimo-se-decida-aqui\/"},"author":{"name":"p.arzanegi","@id":"https:\/\/pello.eus\/es\/#\/schema\/person\/186e8bd03e840b05e26815a9e6c02095"},"headline":"A favor de que el salario m\u00ednimo se decida aqu\u00ed","datePublished":"2025-10-21T09:59:18+00:00","dateModified":"2025-10-21T10:38:55+00:00","mainEntityOfPage":{"@id":"https:\/\/pello.eus\/es\/a-favor-de-que-el-salario-minimo-se-decida-aqui\/"},"wordCount":563,"commentCount":0,"publisher":{"@id":"https:\/\/pello.eus\/es\/#organization"},"image":{"@id":"https:\/\/pello.eus\/es\/a-favor-de-que-el-salario-minimo-se-decida-aqui\/#primaryimage"},"thumbnailUrl":"https:\/\/pello.eus\/wp-content\/uploads\/2025\/10\/SMI_ILP_TX.jpg","articleSection":["Begiradak"],"inLanguage":"es","potentialAction":[{"@type":"CommentAction","name":"Comment","target":["https:\/\/pello.eus\/es\/a-favor-de-que-el-salario-minimo-se-decida-aqui\/#respond"]}]},{"@type":"WebPage","@id":"https:\/\/pello.eus\/es\/a-favor-de-que-el-salario-minimo-se-decida-aqui\/","url":"https:\/\/pello.eus\/es\/a-favor-de-que-el-salario-minimo-se-decida-aqui\/","name":"A favor de que el salario m\u00ednimo se decida aqu\u00ed - Pello Otxandiano Kanpo","isPartOf":{"@id":"https:\/\/pello.eus\/es\/#website"},"primaryImageOfPage":{"@id":"https:\/\/pello.eus\/es\/a-favor-de-que-el-salario-minimo-se-decida-aqui\/#primaryimage"},"image":{"@id":"https:\/\/pello.eus\/es\/a-favor-de-que-el-salario-minimo-se-decida-aqui\/#primaryimage"},"thumbnailUrl":"https:\/\/pello.eus\/wp-content\/uploads\/2025\/10\/SMI_ILP_TX.jpg","datePublished":"2025-10-21T09:59:18+00:00","dateModified":"2025-10-21T10:38:55+00:00","description":"El Gobierno Vasco ha vuelto a dar la espalda a la voluntad de miles de ciudadanos y ciudadanas vascas.","breadcrumb":{"@id":"https:\/\/pello.eus\/es\/a-favor-de-que-el-salario-minimo-se-decida-aqui\/#breadcrumb"},"inLanguage":"es","potentialAction":[{"@type":"ReadAction","target":["https:\/\/pello.eus\/es\/a-favor-de-que-el-salario-minimo-se-decida-aqui\/"]}]},{"@type":"ImageObject","inLanguage":"es","@id":"https:\/\/pello.eus\/es\/a-favor-de-que-el-salario-minimo-se-decida-aqui\/#primaryimage","url":"https:\/\/pello.eus\/wp-content\/uploads\/2025\/10\/SMI_ILP_TX.jpg","contentUrl":"https:\/\/pello.eus\/wp-content\/uploads\/2025\/10\/SMI_ILP_TX.jpg","width":1920,"height":1080},{"@type":"BreadcrumbList","@id":"https:\/\/pello.eus\/es\/a-favor-de-que-el-salario-minimo-se-decida-aqui\/#breadcrumb","itemListElement":[{"@type":"ListItem","position":1,"name":"Home","item":"https:\/\/pello.eus\/es\/"},{"@type":"ListItem","position":2,"name":"A favor de que el salario m\u00ednimo se decida aqu\u00ed"}]},{"@type":"WebSite","@id":"https:\/\/pello.eus\/es\/#website","url":"https:\/\/pello.eus\/es\/","name":"Pello Otxandiano Kanpo","description":"Aldatzeko nahia ordezkatu nahi dut. Aspiro a representar el deseo de cambio. EH Bildu candidate for Lehendakari.","publisher":{"@id":"https:\/\/pello.eus\/es\/#organization"},"potentialAction":[{"@type":"SearchAction","target":{"@type":"EntryPoint","urlTemplate":"https:\/\/pello.eus\/es\/?s={search_term_string}"},"query-input":"required name=search_term_string"}],"inLanguage":"es"},{"@type":"Organization","@id":"https:\/\/pello.eus\/es\/#organization","name":"Pello Otxandiano Kanpo","url":"https:\/\/pello.eus\/es\/","logo":{"@type":"ImageObject","inLanguage":"es","@id":"https:\/\/pello.eus\/es\/#\/schema\/logo\/image\/","url":"https:\/\/pello.eus\/wp-content\/uploads\/2024\/01\/pello-eus.jpg","contentUrl":"https:\/\/pello.eus\/wp-content\/uploads\/2024\/01\/pello-eus.jpg","width":1920,"height":1272,"caption":"Pello Otxandiano Kanpo"},"image":{"@id":"https:\/\/pello.eus\/es\/#\/schema\/logo\/image\/"},"sameAs":["https:\/\/www.facebook.com\/p.otxandiano\/","https:\/\/x.com\/PelloOtxandiano","https:\/\/www.tiktok.com\/@pellootxandiano","https:\/\/www.linkedin.com\/in\/pello-otxandiano-kanpo-26b5a8a\/","https:\/\/www.threads.net\/@pellootxandiano"]},{"@type":"Person","@id":"https:\/\/pello.eus\/es\/#\/schema\/person\/186e8bd03e840b05e26815a9e6c02095","name":"p.arzanegi","image":{"@type":"ImageObject","inLanguage":"es","@id":"https:\/\/pello.eus\/es\/#\/schema\/person\/image\/","url":"https:\/\/secure.gravatar.com\/avatar\/62fb854d23b2b5bb9c2b51dce7b35a45?s=96&d=mm&r=g","contentUrl":"https:\/\/secure.gravatar.com\/avatar\/62fb854d23b2b5bb9c2b51dce7b35a45?s=96&d=mm&r=g","caption":"p.arzanegi"},"url":"https:\/\/pello.eus\/es\/author\/p-arzanegi\/"}]}},"_links":{"self":[{"href":"https:\/\/pello.eus\/es\/wp-json\/wp\/v2\/posts\/2859"}],"collection":[{"href":"https:\/\/pello.eus\/es\/wp-json\/wp\/v2\/posts"}],"about":[{"href":"https:\/\/pello.eus\/es\/wp-json\/wp\/v2\/types\/post"}],"author":[{"embeddable":true,"href":"https:\/\/pello.eus\/es\/wp-json\/wp\/v2\/users\/4"}],"replies":[{"embeddable":true,"href":"https:\/\/pello.eus\/es\/wp-json\/wp\/v2\/comments?post=2859"}],"version-history":[{"count":3,"href":"https:\/\/pello.eus\/es\/wp-json\/wp\/v2\/posts\/2859\/revisions"}],"predecessor-version":[{"id":2864,"href":"https:\/\/pello.eus\/es\/wp-json\/wp\/v2\/posts\/2859\/revisions\/2864"}],"wp:featuredmedia":[{"embeddable":true,"href":"https:\/\/pello.eus\/es\/wp-json\/wp\/v2\/media\/2857"}],"wp:attachment":[{"href":"https:\/\/pello.eus\/es\/wp-json\/wp\/v2\/media?parent=2859"}],"wp:term":[{"taxonomy":"category","embeddable":true,"href":"https:\/\/pello.eus\/es\/wp-json\/wp\/v2\/categories?post=2859"},{"taxonomy":"post_tag","embeddable":true,"href":"https:\/\/pello.eus\/es\/wp-json\/wp\/v2\/tags?post=2859"}],"curies":[{"name":"wp","href":"https:\/\/api.w.org\/{rel}","templated":true}]}}