{"id":2833,"date":"2025-10-02T12:35:00","date_gmt":"2025-10-02T11:35:00","guid":{"rendered":"https:\/\/pello.eus\/la-defensa-del-euskera-es-tarea-de-los-democratas\/"},"modified":"2025-10-02T12:37:58","modified_gmt":"2025-10-02T11:37:58","slug":"la-defensa-del-euskera-es-tarea-de-los-democratas","status":"publish","type":"post","link":"https:\/\/pello.eus\/es\/la-defensa-del-euskera-es-tarea-de-los-democratas\/","title":{"rendered":"La defensa del euskera es tarea de los dem\u00f3cratas"},"content":{"rendered":"\n<p>Hoy he intervenido en el Parlamento Vasco para defender una idea clara: los derechos ling\u00fc\u00edsticos son derechos fundamentales, son derechos humanos, y no pueden situarse en un segundo plano ni jerarquizarse frente a otros.<br\/><\/p>\n\n<p>He querido subrayar, en primer lugar, que comparto plenamente la intervenci\u00f3n de parlamentario del PNV, Markel Olano y que existe una sinton\u00eda pol\u00edtica positiva en torno a esta cuesti\u00f3n. Esa coincidencia deber\u00eda servirnos para empezar a hacer las cosas con normalidad. Lo normal, en un Parlamento, no es registrar dos proposiciones de ley paralelas con el mismo objetivo, sino sentarnos antes, dialogar y consensuar una \u00fanica propuesta compartida. Esa es la manera de fortalecer nuestras instituciones y de respetar a la ciudadan\u00eda.<br\/><\/p>\n\n<p>Pero m\u00e1s all\u00e1 de la forma, est\u00e1 el fondo. Este no es un debate entre euskaldunes y no euskaldunes. Los datos socioling\u00fc\u00edsticos lo demuestran: en Araba, Bizkaia y Gipuzkoa, hay much\u00edsimas personas que no saben euskera pero que defienden con firmeza su promoci\u00f3n y su presencia social. La sociedad vasca ha mostrado en los \u00faltimos 40 a\u00f1os, a trav\u00e9s de la escuela y de las decisiones libres de las familias, que quiere m\u00e1s euskera, porque el euskera abre puertas y porque forma parte del pulso vital de este pa\u00eds.<br\/><\/p>\n\n<p>La verdadera l\u00ednea divisoria no est\u00e1 entre abertzales y no abertzales, sino entre dem\u00f3cratas y quienes tienen problemas con un principio b\u00e1sico de cualquier democracia: todos los derechos para todas las personas. Si despu\u00e9s de m\u00e1s de cuatro d\u00e9cadas de aprobarse la Ley del Euskera, mis hijas de 6 y 10 a\u00f1os no pueden ser atendidas en euskera en Osakidetza, estamos ante un d\u00e9ficit democr\u00e1tico evidente.<br\/><\/p>\n\n<p>La situaci\u00f3n de minorizaci\u00f3n del euskera no es un fen\u00f3meno natural. Es el resultado de pol\u00edticas que vienen de atr\u00e1s, de una dictadura que prohibi\u00f3 nuestra lengua durante 40 a\u00f1os y, hoy en d\u00eda, de los ataques de la extrema derecha. Por eso debemos responder con pol\u00edticas p\u00fablicas s\u00f3lidas que garanticen que los derechos reconocidos por ley sean efectivos.<br\/><\/p>\n\n<p>Tambi\u00e9n debemos actualizar los consensos de 1982. Han pasado m\u00e1s de 40 a\u00f1os, la realidad socioling\u00fc\u00edstica ha cambiado, las nuevas generaciones viven en un contexto distinto y necesitamos acuerdos renovados. Y para ello planteo tres principios:<br\/><\/p>\n\n<ol>\n<li>Los derechos ling\u00fc\u00edsticos son derechos humanos, indivisibles y no jerarquizables.<\/li>\n\n\n\n<li>La igualdad real entre el euskera y el castellano como lenguas oficiales debe ser un principio fundamental.<br\/><\/li>\n\n\n\n<li>Debemos actuar con pragmatismo y empat\u00eda, garantizando los derechos sin dejar a nadie atr\u00e1s.<br\/><\/li>\n<\/ol>\n\n<p><\/p>\n\n<p>Nuestra propuesta legislativa se inspira en el modelo gallego: blindar el sistema de perfiles ling\u00fc\u00edsticos en el empleo p\u00fablico. Resulta parad\u00f3jico que lo que all\u00ed aplica con mayor\u00eda absoluta el Partido Popular, aqu\u00ed genere tanta controversia.<br\/><\/p>\n\n<p>En definitiva, se trata de hacer efectivo lo que la mayor\u00eda social de este pa\u00eds ya ha expresado: el euskera debe avanzar, porque es patrimonio de todos y porque garantiza igualdad. Ha llegado el momento de hacer las cosas con normalidad, con visi\u00f3n de futuro y con la certeza de que defender el euskera es defender la democracia.<br\/><\/p>\n\n<p><\/p>\n\n<p><\/p>\n\n<figure class=\"wp-block-embed is-type-video is-provider-youtube wp-block-embed-youtube wp-embed-aspect-16-9 wp-has-aspect-ratio\"><div class=\"wp-block-embed__wrapper\">\r\n<iframe title=\"Pello Otxandianok Euskal Enplegu Publikoaren Legea aldatzeko beharra defendatu du\" width=\"800\" height=\"450\" src=\"https:\/\/www.youtube.com\/embed\/DD9OTNP9NTI?feature=oembed\" frameborder=\"0\" allow=\"accelerometer; autoplay; clipboard-write; encrypted-media; gyroscope; picture-in-picture; web-share\" referrerpolicy=\"strict-origin-when-cross-origin\" allowfullscreen><\/iframe>\r\n<\/div><\/figure><br>\n","protected":false},"excerpt":{"rendered":"<p>Hoy he intervenido en el Parlamento Vasco para defender una idea clara: los derechos ling\u00fc\u00edsticos son derechos fundamentales, son derechos humanos, y no pueden situarse en un segundo plano ni jerarquizarse frente a otros. He querido subrayar, en primer lugar, que comparto plenamente la intervenci\u00f3n de parlamentario del PNV, Markel Olano y que existe una [&hellip;]<\/p>\n","protected":false},"author":4,"featured_media":2829,"comment_status":"open","ping_status":"closed","sticky":false,"template":"","format":"standard","meta":{"_acf_changed":false,"footnotes":""},"categories":[4],"tags":[],"acf":[],"yoast_head":"<!-- This site is optimized with the Yoast SEO plugin v22.9 - https:\/\/yoast.com\/wordpress\/plugins\/seo\/ -->\n<title>La defensa del euskera es tarea de los dem\u00f3cratas - Pello Otxandiano Kanpo<\/title>\n<meta name=\"description\" content=\"Los derechos ling\u00fc\u00edsticos son derechos b\u00e1sicos, son derechos humanos y no pueden jerarquizarse ante terceros.\" \/>\n<meta name=\"robots\" content=\"index, follow, max-snippet:-1, max-image-preview:large, max-video-preview:-1\" \/>\n<link rel=\"canonical\" href=\"https:\/\/pello.eus\/es\/la-defensa-del-euskera-es-tarea-de-los-democratas\/\" \/>\n<meta property=\"og:locale\" content=\"es_ES\" \/>\n<meta property=\"og:type\" content=\"article\" \/>\n<meta property=\"og:title\" content=\"La defensa del euskera es tarea de los dem\u00f3cratas - Pello Otxandiano Kanpo\" \/>\n<meta property=\"og:description\" content=\"Los derechos ling\u00fc\u00edsticos son derechos b\u00e1sicos, son derechos humanos y no pueden jerarquizarse ante terceros.\" \/>\n<meta property=\"og:url\" content=\"https:\/\/pello.eus\/es\/la-defensa-del-euskera-es-tarea-de-los-democratas\/\" \/>\n<meta property=\"og:site_name\" content=\"Pello Otxandiano Kanpo\" \/>\n<meta property=\"article:publisher\" content=\"https:\/\/www.facebook.com\/p.otxandiano\/\" \/>\n<meta property=\"article:published_time\" content=\"2025-10-02T11:35:00+00:00\" \/>\n<meta property=\"article:modified_time\" content=\"2025-10-02T11:37:58+00:00\" \/>\n<meta property=\"og:image\" content=\"https:\/\/pello.eus\/wp-content\/uploads\/2025\/10\/20251002_WEB.jpg\" \/>\n\t<meta property=\"og:image:width\" content=\"1920\" \/>\n\t<meta property=\"og:image:height\" content=\"1080\" \/>\n\t<meta property=\"og:image:type\" content=\"image\/jpeg\" \/>\n<meta name=\"author\" content=\"p.arzanegi\" \/>\n<meta name=\"twitter:card\" content=\"summary_large_image\" \/>\n<meta name=\"twitter:creator\" content=\"@PelloOtxandiano\" \/>\n<meta name=\"twitter:site\" content=\"@PelloOtxandiano\" \/>\n<meta name=\"twitter:label1\" content=\"Escrito por\" \/>\n\t<meta name=\"twitter:data1\" content=\"p.arzanegi\" \/>\n\t<meta name=\"twitter:label2\" content=\"Tiempo de lectura\" \/>\n\t<meta name=\"twitter:data2\" content=\"3 minutos\" \/>\n<script type=\"application\/ld+json\" class=\"yoast-schema-graph\">{\"@context\":\"https:\/\/schema.org\",\"@graph\":[{\"@type\":\"Article\",\"@id\":\"https:\/\/pello.eus\/es\/la-defensa-del-euskera-es-tarea-de-los-democratas\/#article\",\"isPartOf\":{\"@id\":\"https:\/\/pello.eus\/es\/la-defensa-del-euskera-es-tarea-de-los-democratas\/\"},\"author\":{\"name\":\"p.arzanegi\",\"@id\":\"https:\/\/pello.eus\/es\/#\/schema\/person\/186e8bd03e840b05e26815a9e6c02095\"},\"headline\":\"La defensa del euskera es tarea de los dem\u00f3cratas\",\"datePublished\":\"2025-10-02T11:35:00+00:00\",\"dateModified\":\"2025-10-02T11:37:58+00:00\",\"mainEntityOfPage\":{\"@id\":\"https:\/\/pello.eus\/es\/la-defensa-del-euskera-es-tarea-de-los-democratas\/\"},\"wordCount\":559,\"commentCount\":0,\"publisher\":{\"@id\":\"https:\/\/pello.eus\/es\/#organization\"},\"image\":{\"@id\":\"https:\/\/pello.eus\/es\/la-defensa-del-euskera-es-tarea-de-los-democratas\/#primaryimage\"},\"thumbnailUrl\":\"https:\/\/pello.eus\/wp-content\/uploads\/2025\/10\/20251002_WEB.jpg\",\"articleSection\":[\"Begiradak\"],\"inLanguage\":\"es\",\"potentialAction\":[{\"@type\":\"CommentAction\",\"name\":\"Comment\",\"target\":[\"https:\/\/pello.eus\/es\/la-defensa-del-euskera-es-tarea-de-los-democratas\/#respond\"]}]},{\"@type\":\"WebPage\",\"@id\":\"https:\/\/pello.eus\/es\/la-defensa-del-euskera-es-tarea-de-los-democratas\/\",\"url\":\"https:\/\/pello.eus\/es\/la-defensa-del-euskera-es-tarea-de-los-democratas\/\",\"name\":\"La defensa del euskera es tarea de los dem\u00f3cratas - Pello Otxandiano Kanpo\",\"isPartOf\":{\"@id\":\"https:\/\/pello.eus\/es\/#website\"},\"primaryImageOfPage\":{\"@id\":\"https:\/\/pello.eus\/es\/la-defensa-del-euskera-es-tarea-de-los-democratas\/#primaryimage\"},\"image\":{\"@id\":\"https:\/\/pello.eus\/es\/la-defensa-del-euskera-es-tarea-de-los-democratas\/#primaryimage\"},\"thumbnailUrl\":\"https:\/\/pello.eus\/wp-content\/uploads\/2025\/10\/20251002_WEB.jpg\",\"datePublished\":\"2025-10-02T11:35:00+00:00\",\"dateModified\":\"2025-10-02T11:37:58+00:00\",\"description\":\"Los derechos ling\u00fc\u00edsticos son derechos b\u00e1sicos, son derechos humanos y no pueden jerarquizarse ante terceros.\",\"breadcrumb\":{\"@id\":\"https:\/\/pello.eus\/es\/la-defensa-del-euskera-es-tarea-de-los-democratas\/#breadcrumb\"},\"inLanguage\":\"es\",\"potentialAction\":[{\"@type\":\"ReadAction\",\"target\":[\"https:\/\/pello.eus\/es\/la-defensa-del-euskera-es-tarea-de-los-democratas\/\"]}]},{\"@type\":\"ImageObject\",\"inLanguage\":\"es\",\"@id\":\"https:\/\/pello.eus\/es\/la-defensa-del-euskera-es-tarea-de-los-democratas\/#primaryimage\",\"url\":\"https:\/\/pello.eus\/wp-content\/uploads\/2025\/10\/20251002_WEB.jpg\",\"contentUrl\":\"https:\/\/pello.eus\/wp-content\/uploads\/2025\/10\/20251002_WEB.jpg\",\"width\":1920,\"height\":1080},{\"@type\":\"BreadcrumbList\",\"@id\":\"https:\/\/pello.eus\/es\/la-defensa-del-euskera-es-tarea-de-los-democratas\/#breadcrumb\",\"itemListElement\":[{\"@type\":\"ListItem\",\"position\":1,\"name\":\"Home\",\"item\":\"https:\/\/pello.eus\/es\/\"},{\"@type\":\"ListItem\",\"position\":2,\"name\":\"La defensa del euskera es tarea de los dem\u00f3cratas\"}]},{\"@type\":\"WebSite\",\"@id\":\"https:\/\/pello.eus\/es\/#website\",\"url\":\"https:\/\/pello.eus\/es\/\",\"name\":\"Pello Otxandiano Kanpo\",\"description\":\"Aldatzeko nahia ordezkatu nahi dut. Aspiro a representar el deseo de cambio. EH Bildu candidate for Lehendakari.\",\"publisher\":{\"@id\":\"https:\/\/pello.eus\/es\/#organization\"},\"potentialAction\":[{\"@type\":\"SearchAction\",\"target\":{\"@type\":\"EntryPoint\",\"urlTemplate\":\"https:\/\/pello.eus\/es\/?s={search_term_string}\"},\"query-input\":\"required name=search_term_string\"}],\"inLanguage\":\"es\"},{\"@type\":\"Organization\",\"@id\":\"https:\/\/pello.eus\/es\/#organization\",\"name\":\"Pello Otxandiano Kanpo\",\"url\":\"https:\/\/pello.eus\/es\/\",\"logo\":{\"@type\":\"ImageObject\",\"inLanguage\":\"es\",\"@id\":\"https:\/\/pello.eus\/es\/#\/schema\/logo\/image\/\",\"url\":\"https:\/\/pello.eus\/wp-content\/uploads\/2024\/01\/pello-eus.jpg\",\"contentUrl\":\"https:\/\/pello.eus\/wp-content\/uploads\/2024\/01\/pello-eus.jpg\",\"width\":1920,\"height\":1272,\"caption\":\"Pello Otxandiano Kanpo\"},\"image\":{\"@id\":\"https:\/\/pello.eus\/es\/#\/schema\/logo\/image\/\"},\"sameAs\":[\"https:\/\/www.facebook.com\/p.otxandiano\/\",\"https:\/\/x.com\/PelloOtxandiano\",\"https:\/\/www.tiktok.com\/@pellootxandiano\",\"https:\/\/www.linkedin.com\/in\/pello-otxandiano-kanpo-26b5a8a\/\",\"https:\/\/www.threads.net\/@pellootxandiano\"]},{\"@type\":\"Person\",\"@id\":\"https:\/\/pello.eus\/es\/#\/schema\/person\/186e8bd03e840b05e26815a9e6c02095\",\"name\":\"p.arzanegi\",\"image\":{\"@type\":\"ImageObject\",\"inLanguage\":\"es\",\"@id\":\"https:\/\/pello.eus\/es\/#\/schema\/person\/image\/\",\"url\":\"https:\/\/secure.gravatar.com\/avatar\/62fb854d23b2b5bb9c2b51dce7b35a45?s=96&d=mm&r=g\",\"contentUrl\":\"https:\/\/secure.gravatar.com\/avatar\/62fb854d23b2b5bb9c2b51dce7b35a45?s=96&d=mm&r=g\",\"caption\":\"p.arzanegi\"},\"url\":\"https:\/\/pello.eus\/es\/author\/p-arzanegi\/\"}]}<\/script>\n<!-- \/ Yoast SEO plugin. -->","yoast_head_json":{"title":"La defensa del euskera es tarea de los dem\u00f3cratas - Pello Otxandiano Kanpo","description":"Los derechos ling\u00fc\u00edsticos son derechos b\u00e1sicos, son derechos humanos y no pueden jerarquizarse ante terceros.","robots":{"index":"index","follow":"follow","max-snippet":"max-snippet:-1","max-image-preview":"max-image-preview:large","max-video-preview":"max-video-preview:-1"},"canonical":"https:\/\/pello.eus\/es\/la-defensa-del-euskera-es-tarea-de-los-democratas\/","og_locale":"es_ES","og_type":"article","og_title":"La defensa del euskera es tarea de los dem\u00f3cratas - Pello Otxandiano Kanpo","og_description":"Los derechos ling\u00fc\u00edsticos son derechos b\u00e1sicos, son derechos humanos y no pueden jerarquizarse ante terceros.","og_url":"https:\/\/pello.eus\/es\/la-defensa-del-euskera-es-tarea-de-los-democratas\/","og_site_name":"Pello Otxandiano Kanpo","article_publisher":"https:\/\/www.facebook.com\/p.otxandiano\/","article_published_time":"2025-10-02T11:35:00+00:00","article_modified_time":"2025-10-02T11:37:58+00:00","og_image":[{"width":1920,"height":1080,"url":"https:\/\/pello.eus\/wp-content\/uploads\/2025\/10\/20251002_WEB.jpg","type":"image\/jpeg"}],"author":"p.arzanegi","twitter_card":"summary_large_image","twitter_creator":"@PelloOtxandiano","twitter_site":"@PelloOtxandiano","twitter_misc":{"Escrito por":"p.arzanegi","Tiempo de lectura":"3 minutos"},"schema":{"@context":"https:\/\/schema.org","@graph":[{"@type":"Article","@id":"https:\/\/pello.eus\/es\/la-defensa-del-euskera-es-tarea-de-los-democratas\/#article","isPartOf":{"@id":"https:\/\/pello.eus\/es\/la-defensa-del-euskera-es-tarea-de-los-democratas\/"},"author":{"name":"p.arzanegi","@id":"https:\/\/pello.eus\/es\/#\/schema\/person\/186e8bd03e840b05e26815a9e6c02095"},"headline":"La defensa del euskera es tarea de los dem\u00f3cratas","datePublished":"2025-10-02T11:35:00+00:00","dateModified":"2025-10-02T11:37:58+00:00","mainEntityOfPage":{"@id":"https:\/\/pello.eus\/es\/la-defensa-del-euskera-es-tarea-de-los-democratas\/"},"wordCount":559,"commentCount":0,"publisher":{"@id":"https:\/\/pello.eus\/es\/#organization"},"image":{"@id":"https:\/\/pello.eus\/es\/la-defensa-del-euskera-es-tarea-de-los-democratas\/#primaryimage"},"thumbnailUrl":"https:\/\/pello.eus\/wp-content\/uploads\/2025\/10\/20251002_WEB.jpg","articleSection":["Begiradak"],"inLanguage":"es","potentialAction":[{"@type":"CommentAction","name":"Comment","target":["https:\/\/pello.eus\/es\/la-defensa-del-euskera-es-tarea-de-los-democratas\/#respond"]}]},{"@type":"WebPage","@id":"https:\/\/pello.eus\/es\/la-defensa-del-euskera-es-tarea-de-los-democratas\/","url":"https:\/\/pello.eus\/es\/la-defensa-del-euskera-es-tarea-de-los-democratas\/","name":"La defensa del euskera es tarea de los dem\u00f3cratas - Pello Otxandiano Kanpo","isPartOf":{"@id":"https:\/\/pello.eus\/es\/#website"},"primaryImageOfPage":{"@id":"https:\/\/pello.eus\/es\/la-defensa-del-euskera-es-tarea-de-los-democratas\/#primaryimage"},"image":{"@id":"https:\/\/pello.eus\/es\/la-defensa-del-euskera-es-tarea-de-los-democratas\/#primaryimage"},"thumbnailUrl":"https:\/\/pello.eus\/wp-content\/uploads\/2025\/10\/20251002_WEB.jpg","datePublished":"2025-10-02T11:35:00+00:00","dateModified":"2025-10-02T11:37:58+00:00","description":"Los derechos ling\u00fc\u00edsticos son derechos b\u00e1sicos, son derechos humanos y no pueden jerarquizarse ante terceros.","breadcrumb":{"@id":"https:\/\/pello.eus\/es\/la-defensa-del-euskera-es-tarea-de-los-democratas\/#breadcrumb"},"inLanguage":"es","potentialAction":[{"@type":"ReadAction","target":["https:\/\/pello.eus\/es\/la-defensa-del-euskera-es-tarea-de-los-democratas\/"]}]},{"@type":"ImageObject","inLanguage":"es","@id":"https:\/\/pello.eus\/es\/la-defensa-del-euskera-es-tarea-de-los-democratas\/#primaryimage","url":"https:\/\/pello.eus\/wp-content\/uploads\/2025\/10\/20251002_WEB.jpg","contentUrl":"https:\/\/pello.eus\/wp-content\/uploads\/2025\/10\/20251002_WEB.jpg","width":1920,"height":1080},{"@type":"BreadcrumbList","@id":"https:\/\/pello.eus\/es\/la-defensa-del-euskera-es-tarea-de-los-democratas\/#breadcrumb","itemListElement":[{"@type":"ListItem","position":1,"name":"Home","item":"https:\/\/pello.eus\/es\/"},{"@type":"ListItem","position":2,"name":"La defensa del euskera es tarea de los dem\u00f3cratas"}]},{"@type":"WebSite","@id":"https:\/\/pello.eus\/es\/#website","url":"https:\/\/pello.eus\/es\/","name":"Pello Otxandiano Kanpo","description":"Aldatzeko nahia ordezkatu nahi dut. Aspiro a representar el deseo de cambio. EH Bildu candidate for Lehendakari.","publisher":{"@id":"https:\/\/pello.eus\/es\/#organization"},"potentialAction":[{"@type":"SearchAction","target":{"@type":"EntryPoint","urlTemplate":"https:\/\/pello.eus\/es\/?s={search_term_string}"},"query-input":"required name=search_term_string"}],"inLanguage":"es"},{"@type":"Organization","@id":"https:\/\/pello.eus\/es\/#organization","name":"Pello Otxandiano Kanpo","url":"https:\/\/pello.eus\/es\/","logo":{"@type":"ImageObject","inLanguage":"es","@id":"https:\/\/pello.eus\/es\/#\/schema\/logo\/image\/","url":"https:\/\/pello.eus\/wp-content\/uploads\/2024\/01\/pello-eus.jpg","contentUrl":"https:\/\/pello.eus\/wp-content\/uploads\/2024\/01\/pello-eus.jpg","width":1920,"height":1272,"caption":"Pello Otxandiano Kanpo"},"image":{"@id":"https:\/\/pello.eus\/es\/#\/schema\/logo\/image\/"},"sameAs":["https:\/\/www.facebook.com\/p.otxandiano\/","https:\/\/x.com\/PelloOtxandiano","https:\/\/www.tiktok.com\/@pellootxandiano","https:\/\/www.linkedin.com\/in\/pello-otxandiano-kanpo-26b5a8a\/","https:\/\/www.threads.net\/@pellootxandiano"]},{"@type":"Person","@id":"https:\/\/pello.eus\/es\/#\/schema\/person\/186e8bd03e840b05e26815a9e6c02095","name":"p.arzanegi","image":{"@type":"ImageObject","inLanguage":"es","@id":"https:\/\/pello.eus\/es\/#\/schema\/person\/image\/","url":"https:\/\/secure.gravatar.com\/avatar\/62fb854d23b2b5bb9c2b51dce7b35a45?s=96&d=mm&r=g","contentUrl":"https:\/\/secure.gravatar.com\/avatar\/62fb854d23b2b5bb9c2b51dce7b35a45?s=96&d=mm&r=g","caption":"p.arzanegi"},"url":"https:\/\/pello.eus\/es\/author\/p-arzanegi\/"}]}},"_links":{"self":[{"href":"https:\/\/pello.eus\/es\/wp-json\/wp\/v2\/posts\/2833"}],"collection":[{"href":"https:\/\/pello.eus\/es\/wp-json\/wp\/v2\/posts"}],"about":[{"href":"https:\/\/pello.eus\/es\/wp-json\/wp\/v2\/types\/post"}],"author":[{"embeddable":true,"href":"https:\/\/pello.eus\/es\/wp-json\/wp\/v2\/users\/4"}],"replies":[{"embeddable":true,"href":"https:\/\/pello.eus\/es\/wp-json\/wp\/v2\/comments?post=2833"}],"version-history":[{"count":1,"href":"https:\/\/pello.eus\/es\/wp-json\/wp\/v2\/posts\/2833\/revisions"}],"predecessor-version":[{"id":2834,"href":"https:\/\/pello.eus\/es\/wp-json\/wp\/v2\/posts\/2833\/revisions\/2834"}],"wp:featuredmedia":[{"embeddable":true,"href":"https:\/\/pello.eus\/es\/wp-json\/wp\/v2\/media\/2829"}],"wp:attachment":[{"href":"https:\/\/pello.eus\/es\/wp-json\/wp\/v2\/media?parent=2833"}],"wp:term":[{"taxonomy":"category","embeddable":true,"href":"https:\/\/pello.eus\/es\/wp-json\/wp\/v2\/categories?post=2833"},{"taxonomy":"post_tag","embeddable":true,"href":"https:\/\/pello.eus\/es\/wp-json\/wp\/v2\/tags?post=2833"}],"curies":[{"name":"wp","href":"https:\/\/api.w.org\/{rel}","templated":true}]}}