{"id":2821,"date":"2025-09-25T11:24:58","date_gmt":"2025-09-25T10:24:58","guid":{"rendered":"https:\/\/pello.eus\/dignificar-pensiones-justo-democratico\/"},"modified":"2025-09-25T11:38:10","modified_gmt":"2025-09-25T10:38:10","slug":"dignificar-pensiones-justo-democratico","status":"publish","type":"post","link":"https:\/\/pello.eus\/es\/dignificar-pensiones-justo-democratico\/","title":{"rendered":"Dignificar las pensiones: justo y democr\u00e1tico"},"content":{"rendered":"\n<p>Es de justicia reconocer tanto la lucha que las personas pensionistas han mantenido durante largos a\u00f1os como la Iniciativa Legislativa Popular presentada hoy en el Parlamento Vasco. Se trata de un hecho hist\u00f3rico, no solo por el elevado n\u00famero de firmas recogidas, sino sobre todo porque constituye un ejemplo de democracia participativa.<\/p>\n\n\n\n<p>Lamentablemente, una vez m\u00e1s el PNV y el PSE han decidido aumentar la distancia entre su ret\u00f3rica y su pr\u00e1ctica. Han dado la espalda a la dignificaci\u00f3n de las pensiones, han renunciado a mejorar la vida de miles de pensionistas \u2013especialmente mujeres\u2013 y han desperdiciado la oportunidad de aprovechar las condiciones pol\u00edticas y socioecon\u00f3micas que tenemos en Araba, Bizkaia y Gipuzkoa.<\/p>\n\n\n\n<p>Hoy por hoy no somos soberanos para decidir plenamente sobre las pensiones, y tampoco lo ser\u00edamos aunque se cumpliera el Estatuto de Gernika. Por eso resulta imprescindible avanzar hacia un nuevo estatus pol\u00edtico. Mientras tanto, tenemos la responsabilidad de responder a una reivindicaci\u00f3n justa utilizando las herramientas que tenemos a nuestro alcance y ofreciendo respuestas pol\u00edticas concretas. Entre ellas, existen f\u00f3rmulas para equiparar la pensi\u00f3n m\u00ednima al salario m\u00ednimo, y un debate legislativo de tal relevancia no puede despacharse a la ligera. Precisamente para eso debe servir el Parlamento: para dar espacio a estos debates y estar a la altura que la ciudadan\u00eda merece.<\/p>\n\n\n\n<p>Como han se\u00f1alado hoy en sede parlamentaria los miembros del Movimiento de Pensionistas de Euskal Herria, su experiencia en la conquista de derechos y libertades es amplia. Pertenecen a una generaci\u00f3n consciente de que los avances solo se logran a base de persistencia y lucha. Por eso son ejemplo, s\u00edmbolo de esperanza e inspiraci\u00f3n tambi\u00e9n para nosotras y nosotros.<\/p>\n\n\n\n<p>Seguimos trabajando para dignificar las pensiones y las vidas, porque, adem\u00e1s de ser una cuesti\u00f3n de justicia, es una inversi\u00f3n para el futuro.<\/p>\n\n\n\n<figure class=\"wp-block-embed is-type-video is-provider-youtube wp-block-embed-youtube wp-embed-aspect-16-9 wp-has-aspect-ratio\"><div class=\"wp-block-embed__wrapper\">\n<iframe title=\"EH Bilduk baiezkoa eman dio pentsio duinak bermatzeko herri ekimen legegileari\" width=\"800\" height=\"450\" src=\"https:\/\/www.youtube.com\/embed\/NH1kLo4qmXY?feature=oembed\" frameborder=\"0\" allow=\"accelerometer; autoplay; clipboard-write; encrypted-media; gyroscope; picture-in-picture; web-share\" referrerpolicy=\"strict-origin-when-cross-origin\" allowfullscreen><\/iframe>\n<\/div><\/figure>\n","protected":false},"excerpt":{"rendered":"<p>Es de justicia reconocer tanto la lucha que las personas pensionistas han mantenido durante largos a\u00f1os como la Iniciativa Legislativa Popular presentada hoy en el Parlamento Vasco. Se trata de un hecho hist\u00f3rico, no solo por el elevado n\u00famero de firmas recogidas, sino sobre todo porque constituye un ejemplo de democracia participativa. Lamentablemente, una vez [&hellip;]<\/p>\n","protected":false},"author":4,"featured_media":2819,"comment_status":"open","ping_status":"closed","sticky":false,"template":"","format":"standard","meta":{"_acf_changed":false,"footnotes":""},"categories":[4],"tags":[],"acf":[],"yoast_head":"<!-- This site is optimized with the Yoast SEO plugin v22.9 - https:\/\/yoast.com\/wordpress\/plugins\/seo\/ -->\n<title>Dignificar las pensiones: justo y democr\u00e1tico - Pello Otxandiano Kanpo<\/title>\n<meta name=\"description\" content=\"Un hecho hist\u00f3rico, no solo por el elevado n\u00famero de firmas recogidas, sino sobre todo porque constituye un ejemplo de democracia participativa.\" \/>\n<meta name=\"robots\" content=\"index, follow, max-snippet:-1, max-image-preview:large, max-video-preview:-1\" \/>\n<link rel=\"canonical\" href=\"https:\/\/pello.eus\/es\/dignificar-pensiones-justo-democratico\/\" \/>\n<meta property=\"og:locale\" content=\"es_ES\" \/>\n<meta property=\"og:type\" content=\"article\" \/>\n<meta property=\"og:title\" content=\"Dignificar las pensiones: justo y democr\u00e1tico - Pello Otxandiano Kanpo\" \/>\n<meta property=\"og:description\" content=\"Un hecho hist\u00f3rico, no solo por el elevado n\u00famero de firmas recogidas, sino sobre todo porque constituye un ejemplo de democracia participativa.\" \/>\n<meta property=\"og:url\" content=\"https:\/\/pello.eus\/es\/dignificar-pensiones-justo-democratico\/\" \/>\n<meta property=\"og:site_name\" content=\"Pello Otxandiano Kanpo\" \/>\n<meta property=\"article:publisher\" content=\"https:\/\/www.facebook.com\/p.otxandiano\/\" \/>\n<meta property=\"article:published_time\" content=\"2025-09-25T10:24:58+00:00\" \/>\n<meta property=\"article:modified_time\" content=\"2025-09-25T10:38:10+00:00\" \/>\n<meta property=\"og:image\" content=\"https:\/\/pello.eus\/wp-content\/uploads\/2025\/09\/20250925.jpg\" \/>\n\t<meta property=\"og:image:width\" content=\"1920\" \/>\n\t<meta property=\"og:image:height\" content=\"1080\" \/>\n\t<meta property=\"og:image:type\" content=\"image\/jpeg\" \/>\n<meta name=\"author\" content=\"p.arzanegi\" \/>\n<meta name=\"twitter:card\" content=\"summary_large_image\" \/>\n<meta name=\"twitter:creator\" content=\"@PelloOtxandiano\" \/>\n<meta name=\"twitter:site\" content=\"@PelloOtxandiano\" \/>\n<meta name=\"twitter:label1\" content=\"Escrito por\" \/>\n\t<meta name=\"twitter:data1\" content=\"p.arzanegi\" \/>\n\t<meta name=\"twitter:label2\" content=\"Tiempo de lectura\" \/>\n\t<meta name=\"twitter:data2\" content=\"2 minutos\" \/>\n<script type=\"application\/ld+json\" class=\"yoast-schema-graph\">{\"@context\":\"https:\/\/schema.org\",\"@graph\":[{\"@type\":\"Article\",\"@id\":\"https:\/\/pello.eus\/es\/dignificar-pensiones-justo-democratico\/#article\",\"isPartOf\":{\"@id\":\"https:\/\/pello.eus\/es\/dignificar-pensiones-justo-democratico\/\"},\"author\":{\"name\":\"p.arzanegi\",\"@id\":\"https:\/\/pello.eus\/es\/#\/schema\/person\/186e8bd03e840b05e26815a9e6c02095\"},\"headline\":\"Dignificar las pensiones: justo y democr\u00e1tico\",\"datePublished\":\"2025-09-25T10:24:58+00:00\",\"dateModified\":\"2025-09-25T10:38:10+00:00\",\"mainEntityOfPage\":{\"@id\":\"https:\/\/pello.eus\/es\/dignificar-pensiones-justo-democratico\/\"},\"wordCount\":338,\"commentCount\":0,\"publisher\":{\"@id\":\"https:\/\/pello.eus\/es\/#organization\"},\"image\":{\"@id\":\"https:\/\/pello.eus\/es\/dignificar-pensiones-justo-democratico\/#primaryimage\"},\"thumbnailUrl\":\"https:\/\/pello.eus\/wp-content\/uploads\/2025\/09\/20250925.jpg\",\"articleSection\":[\"Begiradak\"],\"inLanguage\":\"es\",\"potentialAction\":[{\"@type\":\"CommentAction\",\"name\":\"Comment\",\"target\":[\"https:\/\/pello.eus\/es\/dignificar-pensiones-justo-democratico\/#respond\"]}]},{\"@type\":\"WebPage\",\"@id\":\"https:\/\/pello.eus\/es\/dignificar-pensiones-justo-democratico\/\",\"url\":\"https:\/\/pello.eus\/es\/dignificar-pensiones-justo-democratico\/\",\"name\":\"Dignificar las pensiones: justo y democr\u00e1tico - Pello Otxandiano Kanpo\",\"isPartOf\":{\"@id\":\"https:\/\/pello.eus\/es\/#website\"},\"primaryImageOfPage\":{\"@id\":\"https:\/\/pello.eus\/es\/dignificar-pensiones-justo-democratico\/#primaryimage\"},\"image\":{\"@id\":\"https:\/\/pello.eus\/es\/dignificar-pensiones-justo-democratico\/#primaryimage\"},\"thumbnailUrl\":\"https:\/\/pello.eus\/wp-content\/uploads\/2025\/09\/20250925.jpg\",\"datePublished\":\"2025-09-25T10:24:58+00:00\",\"dateModified\":\"2025-09-25T10:38:10+00:00\",\"description\":\"Un hecho hist\u00f3rico, no solo por el elevado n\u00famero de firmas recogidas, sino sobre todo porque constituye un ejemplo de democracia participativa.\",\"breadcrumb\":{\"@id\":\"https:\/\/pello.eus\/es\/dignificar-pensiones-justo-democratico\/#breadcrumb\"},\"inLanguage\":\"es\",\"potentialAction\":[{\"@type\":\"ReadAction\",\"target\":[\"https:\/\/pello.eus\/es\/dignificar-pensiones-justo-democratico\/\"]}]},{\"@type\":\"ImageObject\",\"inLanguage\":\"es\",\"@id\":\"https:\/\/pello.eus\/es\/dignificar-pensiones-justo-democratico\/#primaryimage\",\"url\":\"https:\/\/pello.eus\/wp-content\/uploads\/2025\/09\/20250925.jpg\",\"contentUrl\":\"https:\/\/pello.eus\/wp-content\/uploads\/2025\/09\/20250925.jpg\",\"width\":1920,\"height\":1080},{\"@type\":\"BreadcrumbList\",\"@id\":\"https:\/\/pello.eus\/es\/dignificar-pensiones-justo-democratico\/#breadcrumb\",\"itemListElement\":[{\"@type\":\"ListItem\",\"position\":1,\"name\":\"Home\",\"item\":\"https:\/\/pello.eus\/es\/\"},{\"@type\":\"ListItem\",\"position\":2,\"name\":\"Dignificar las pensiones: justo y democr\u00e1tico\"}]},{\"@type\":\"WebSite\",\"@id\":\"https:\/\/pello.eus\/es\/#website\",\"url\":\"https:\/\/pello.eus\/es\/\",\"name\":\"Pello Otxandiano Kanpo\",\"description\":\"Aldatzeko nahia ordezkatu nahi dut. Aspiro a representar el deseo de cambio. EH Bildu candidate for Lehendakari.\",\"publisher\":{\"@id\":\"https:\/\/pello.eus\/es\/#organization\"},\"potentialAction\":[{\"@type\":\"SearchAction\",\"target\":{\"@type\":\"EntryPoint\",\"urlTemplate\":\"https:\/\/pello.eus\/es\/?s={search_term_string}\"},\"query-input\":\"required name=search_term_string\"}],\"inLanguage\":\"es\"},{\"@type\":\"Organization\",\"@id\":\"https:\/\/pello.eus\/es\/#organization\",\"name\":\"Pello Otxandiano Kanpo\",\"url\":\"https:\/\/pello.eus\/es\/\",\"logo\":{\"@type\":\"ImageObject\",\"inLanguage\":\"es\",\"@id\":\"https:\/\/pello.eus\/es\/#\/schema\/logo\/image\/\",\"url\":\"https:\/\/pello.eus\/wp-content\/uploads\/2024\/01\/pello-eus.jpg\",\"contentUrl\":\"https:\/\/pello.eus\/wp-content\/uploads\/2024\/01\/pello-eus.jpg\",\"width\":1920,\"height\":1272,\"caption\":\"Pello Otxandiano Kanpo\"},\"image\":{\"@id\":\"https:\/\/pello.eus\/es\/#\/schema\/logo\/image\/\"},\"sameAs\":[\"https:\/\/www.facebook.com\/p.otxandiano\/\",\"https:\/\/x.com\/PelloOtxandiano\",\"https:\/\/www.tiktok.com\/@pellootxandiano\",\"https:\/\/www.linkedin.com\/in\/pello-otxandiano-kanpo-26b5a8a\/\",\"https:\/\/www.threads.net\/@pellootxandiano\"]},{\"@type\":\"Person\",\"@id\":\"https:\/\/pello.eus\/es\/#\/schema\/person\/186e8bd03e840b05e26815a9e6c02095\",\"name\":\"p.arzanegi\",\"image\":{\"@type\":\"ImageObject\",\"inLanguage\":\"es\",\"@id\":\"https:\/\/pello.eus\/es\/#\/schema\/person\/image\/\",\"url\":\"https:\/\/secure.gravatar.com\/avatar\/62fb854d23b2b5bb9c2b51dce7b35a45?s=96&d=mm&r=g\",\"contentUrl\":\"https:\/\/secure.gravatar.com\/avatar\/62fb854d23b2b5bb9c2b51dce7b35a45?s=96&d=mm&r=g\",\"caption\":\"p.arzanegi\"},\"url\":\"https:\/\/pello.eus\/es\/author\/p-arzanegi\/\"}]}<\/script>\n<!-- \/ Yoast SEO plugin. -->","yoast_head_json":{"title":"Dignificar las pensiones: justo y democr\u00e1tico - Pello Otxandiano Kanpo","description":"Un hecho hist\u00f3rico, no solo por el elevado n\u00famero de firmas recogidas, sino sobre todo porque constituye un ejemplo de democracia participativa.","robots":{"index":"index","follow":"follow","max-snippet":"max-snippet:-1","max-image-preview":"max-image-preview:large","max-video-preview":"max-video-preview:-1"},"canonical":"https:\/\/pello.eus\/es\/dignificar-pensiones-justo-democratico\/","og_locale":"es_ES","og_type":"article","og_title":"Dignificar las pensiones: justo y democr\u00e1tico - Pello Otxandiano Kanpo","og_description":"Un hecho hist\u00f3rico, no solo por el elevado n\u00famero de firmas recogidas, sino sobre todo porque constituye un ejemplo de democracia participativa.","og_url":"https:\/\/pello.eus\/es\/dignificar-pensiones-justo-democratico\/","og_site_name":"Pello Otxandiano Kanpo","article_publisher":"https:\/\/www.facebook.com\/p.otxandiano\/","article_published_time":"2025-09-25T10:24:58+00:00","article_modified_time":"2025-09-25T10:38:10+00:00","og_image":[{"width":1920,"height":1080,"url":"https:\/\/pello.eus\/wp-content\/uploads\/2025\/09\/20250925.jpg","type":"image\/jpeg"}],"author":"p.arzanegi","twitter_card":"summary_large_image","twitter_creator":"@PelloOtxandiano","twitter_site":"@PelloOtxandiano","twitter_misc":{"Escrito por":"p.arzanegi","Tiempo de lectura":"2 minutos"},"schema":{"@context":"https:\/\/schema.org","@graph":[{"@type":"Article","@id":"https:\/\/pello.eus\/es\/dignificar-pensiones-justo-democratico\/#article","isPartOf":{"@id":"https:\/\/pello.eus\/es\/dignificar-pensiones-justo-democratico\/"},"author":{"name":"p.arzanegi","@id":"https:\/\/pello.eus\/es\/#\/schema\/person\/186e8bd03e840b05e26815a9e6c02095"},"headline":"Dignificar las pensiones: justo y democr\u00e1tico","datePublished":"2025-09-25T10:24:58+00:00","dateModified":"2025-09-25T10:38:10+00:00","mainEntityOfPage":{"@id":"https:\/\/pello.eus\/es\/dignificar-pensiones-justo-democratico\/"},"wordCount":338,"commentCount":0,"publisher":{"@id":"https:\/\/pello.eus\/es\/#organization"},"image":{"@id":"https:\/\/pello.eus\/es\/dignificar-pensiones-justo-democratico\/#primaryimage"},"thumbnailUrl":"https:\/\/pello.eus\/wp-content\/uploads\/2025\/09\/20250925.jpg","articleSection":["Begiradak"],"inLanguage":"es","potentialAction":[{"@type":"CommentAction","name":"Comment","target":["https:\/\/pello.eus\/es\/dignificar-pensiones-justo-democratico\/#respond"]}]},{"@type":"WebPage","@id":"https:\/\/pello.eus\/es\/dignificar-pensiones-justo-democratico\/","url":"https:\/\/pello.eus\/es\/dignificar-pensiones-justo-democratico\/","name":"Dignificar las pensiones: justo y democr\u00e1tico - Pello Otxandiano Kanpo","isPartOf":{"@id":"https:\/\/pello.eus\/es\/#website"},"primaryImageOfPage":{"@id":"https:\/\/pello.eus\/es\/dignificar-pensiones-justo-democratico\/#primaryimage"},"image":{"@id":"https:\/\/pello.eus\/es\/dignificar-pensiones-justo-democratico\/#primaryimage"},"thumbnailUrl":"https:\/\/pello.eus\/wp-content\/uploads\/2025\/09\/20250925.jpg","datePublished":"2025-09-25T10:24:58+00:00","dateModified":"2025-09-25T10:38:10+00:00","description":"Un hecho hist\u00f3rico, no solo por el elevado n\u00famero de firmas recogidas, sino sobre todo porque constituye un ejemplo de democracia participativa.","breadcrumb":{"@id":"https:\/\/pello.eus\/es\/dignificar-pensiones-justo-democratico\/#breadcrumb"},"inLanguage":"es","potentialAction":[{"@type":"ReadAction","target":["https:\/\/pello.eus\/es\/dignificar-pensiones-justo-democratico\/"]}]},{"@type":"ImageObject","inLanguage":"es","@id":"https:\/\/pello.eus\/es\/dignificar-pensiones-justo-democratico\/#primaryimage","url":"https:\/\/pello.eus\/wp-content\/uploads\/2025\/09\/20250925.jpg","contentUrl":"https:\/\/pello.eus\/wp-content\/uploads\/2025\/09\/20250925.jpg","width":1920,"height":1080},{"@type":"BreadcrumbList","@id":"https:\/\/pello.eus\/es\/dignificar-pensiones-justo-democratico\/#breadcrumb","itemListElement":[{"@type":"ListItem","position":1,"name":"Home","item":"https:\/\/pello.eus\/es\/"},{"@type":"ListItem","position":2,"name":"Dignificar las pensiones: justo y democr\u00e1tico"}]},{"@type":"WebSite","@id":"https:\/\/pello.eus\/es\/#website","url":"https:\/\/pello.eus\/es\/","name":"Pello Otxandiano Kanpo","description":"Aldatzeko nahia ordezkatu nahi dut. Aspiro a representar el deseo de cambio. EH Bildu candidate for Lehendakari.","publisher":{"@id":"https:\/\/pello.eus\/es\/#organization"},"potentialAction":[{"@type":"SearchAction","target":{"@type":"EntryPoint","urlTemplate":"https:\/\/pello.eus\/es\/?s={search_term_string}"},"query-input":"required name=search_term_string"}],"inLanguage":"es"},{"@type":"Organization","@id":"https:\/\/pello.eus\/es\/#organization","name":"Pello Otxandiano Kanpo","url":"https:\/\/pello.eus\/es\/","logo":{"@type":"ImageObject","inLanguage":"es","@id":"https:\/\/pello.eus\/es\/#\/schema\/logo\/image\/","url":"https:\/\/pello.eus\/wp-content\/uploads\/2024\/01\/pello-eus.jpg","contentUrl":"https:\/\/pello.eus\/wp-content\/uploads\/2024\/01\/pello-eus.jpg","width":1920,"height":1272,"caption":"Pello Otxandiano Kanpo"},"image":{"@id":"https:\/\/pello.eus\/es\/#\/schema\/logo\/image\/"},"sameAs":["https:\/\/www.facebook.com\/p.otxandiano\/","https:\/\/x.com\/PelloOtxandiano","https:\/\/www.tiktok.com\/@pellootxandiano","https:\/\/www.linkedin.com\/in\/pello-otxandiano-kanpo-26b5a8a\/","https:\/\/www.threads.net\/@pellootxandiano"]},{"@type":"Person","@id":"https:\/\/pello.eus\/es\/#\/schema\/person\/186e8bd03e840b05e26815a9e6c02095","name":"p.arzanegi","image":{"@type":"ImageObject","inLanguage":"es","@id":"https:\/\/pello.eus\/es\/#\/schema\/person\/image\/","url":"https:\/\/secure.gravatar.com\/avatar\/62fb854d23b2b5bb9c2b51dce7b35a45?s=96&d=mm&r=g","contentUrl":"https:\/\/secure.gravatar.com\/avatar\/62fb854d23b2b5bb9c2b51dce7b35a45?s=96&d=mm&r=g","caption":"p.arzanegi"},"url":"https:\/\/pello.eus\/es\/author\/p-arzanegi\/"}]}},"_links":{"self":[{"href":"https:\/\/pello.eus\/es\/wp-json\/wp\/v2\/posts\/2821"}],"collection":[{"href":"https:\/\/pello.eus\/es\/wp-json\/wp\/v2\/posts"}],"about":[{"href":"https:\/\/pello.eus\/es\/wp-json\/wp\/v2\/types\/post"}],"author":[{"embeddable":true,"href":"https:\/\/pello.eus\/es\/wp-json\/wp\/v2\/users\/4"}],"replies":[{"embeddable":true,"href":"https:\/\/pello.eus\/es\/wp-json\/wp\/v2\/comments?post=2821"}],"version-history":[{"count":2,"href":"https:\/\/pello.eus\/es\/wp-json\/wp\/v2\/posts\/2821\/revisions"}],"predecessor-version":[{"id":2823,"href":"https:\/\/pello.eus\/es\/wp-json\/wp\/v2\/posts\/2821\/revisions\/2823"}],"wp:featuredmedia":[{"embeddable":true,"href":"https:\/\/pello.eus\/es\/wp-json\/wp\/v2\/media\/2819"}],"wp:attachment":[{"href":"https:\/\/pello.eus\/es\/wp-json\/wp\/v2\/media?parent=2821"}],"wp:term":[{"taxonomy":"category","embeddable":true,"href":"https:\/\/pello.eus\/es\/wp-json\/wp\/v2\/categories?post=2821"},{"taxonomy":"post_tag","embeddable":true,"href":"https:\/\/pello.eus\/es\/wp-json\/wp\/v2\/tags?post=2821"}],"curies":[{"name":"wp","href":"https:\/\/api.w.org\/{rel}","templated":true}]}}