{"id":2803,"date":"2025-09-16T11:58:14","date_gmt":"2025-09-16T10:58:14","guid":{"rendered":"https:\/\/pello.eus\/de-las-palabras-a-los-hechos\/"},"modified":"2025-09-16T12:07:57","modified_gmt":"2025-09-16T11:07:57","slug":"de-las-palabras-a-los-hechos","status":"publish","type":"post","link":"https:\/\/pello.eus\/es\/de-las-palabras-a-los-hechos\/","title":{"rendered":"Es el momento de pasar de las palabras a los hechos"},"content":{"rendered":"\n<p>Cuando se analiza la situaci\u00f3n global, cinco im\u00e1genes vistas este verano son suficientes para hacerse una idea de la \u00e9poca hist\u00f3rica en la que vivimos:<\/p>\n\n<ol>\n<li>Europa ha entregado su proyecto a Estados Unidos. Europa se ha convertido en una colonia de Estados Unidos. Esto es una rendici\u00f3n tanto en las formas como en los contenidos. Y tendr\u00e1 graves consecuencias para el modelo de bienestar europeo. Gran parte del aumento del gasto militar se destinar\u00e1 a comprar armas a Estados Unidos. Al garete la autonom\u00eda estrat\u00e9gica y el pacto verde.<\/li>\n\n\n\n<li>Aceleraci\u00f3n de la emergencia clim\u00e1tica. Las olas de calor y los incendios han confirmado que el cambio clim\u00e1tico se est\u00e1 produciendo m\u00e1s r\u00e1pido y de forma m\u00e1s violenta de lo que se esperaba.<br\/><\/li>\n\n\n\n<li>Ascenso de la extrema derecha. Europa ha girado claramente a la derecha; la extrema derecha est\u00e1 cada vez m\u00e1s presente en gobiernos y condiciona cada vez m\u00e1s a otros ejecutivos. La extrema derecha tiene cada vez m\u00e1s capacidad para marcar el debate p\u00fablico.<br\/><\/li>\n\n\n\n<li>Israel ha decidido expulsar a los palestinos de Gaza, llevando el genocidio hasta sus \u00faltimas consecuencias; con el apoyo de Estados Unidos y la pasividad de la Uni\u00f3n Europea. Se est\u00e1 dibujando un mundo en el que los derechos humanos no valen nada, donde no existen reglas del juego. Por suerte, lo que no hacen los gobiernos lo est\u00e1 tomando el tejido de la sociedad civil.<br\/><\/li>\n\n\n\n<li>El precio de la vivienda est\u00e1 en m\u00e1ximos hist\u00f3ricos, tanto el alquiler como la compra. La vivienda se est\u00e1 utilizando como bien de especulaci\u00f3n, rompiendo el contrato social.<br\/><\/li>\n<\/ol>\n\n<p>Podr\u00edamos estar bastante de acuerdo al valorar tambi\u00e9n la situaci\u00f3n pol\u00edtica de Espa\u00f1a: la pol\u00edtica espa\u00f1ola es t\u00f3xica, no aporta nada bueno. Hay una polarizaci\u00f3n extrema, pero conviene ir m\u00e1s all\u00e1: puede que la derecha haya tomado una decisi\u00f3n estrat\u00e9gica que empieza con Zapatero y termina con S\u00e1nchez en este periodo: \u201cel sistema pol\u00edtico que ha sostenido el r\u00e9gimen del 78 necesita una mutaci\u00f3n: olvid\u00e9monos de los abertzales vascos y catalanes y gobernemos el Estado con una agenda centralista, supremacista y de extrema derecha\u201d.<\/p>\n\n<p>Creemos que con este diagn\u00f3stico b\u00e1sico todos podr\u00edamos estar m\u00e1s o menos de acuerdo, con matices aqu\u00ed y all\u00e1. Si esto fuera as\u00ed, tambi\u00e9n deber\u00edamos coincidir en los siguientes dos principios b\u00e1sicos:<\/p>\n\n<ol>\n<li>Necesitamos una perspectiva m\u00e1s s\u00f3lida desde el pa\u00eds. El centro gravitatorio del debate pol\u00edtico debe situarse en nuestro pa\u00eds. No podemos LIMITARNOS a mirar lo que pase en la Uni\u00f3n Europea o en Espa\u00f1a. Debemos pensar y desarrollar pol\u00edticas p\u00fablicas con visi\u00f3n de pa\u00eds y, en la medida de lo posible, HACERLAS; para ello hacen falta acuerdos de pa\u00eds.<\/li>\n\n\n\n<li>Sea cual sea el escenario futuro en Espa\u00f1a, debemos aprovechar esta ventana de oportunidad para resolver la discusi\u00f3n sobre el estatus pol\u00edtico. Desde una perspectiva nacional queda claro que necesitamos otro autogobierno. Y, desde la visi\u00f3n del Estado (que para nosotros es una visi\u00f3n internacionalista), no hay otra opci\u00f3n que imponer a la decisi\u00f3n estrat\u00e9gica de la extrema derecha una alternativa progresista y plurinacional.<\/li>\n<\/ol>\n\n<p>Es el momento de pasar de las palabras a los hechos. Hay que dotar de sentido a la legislatura y de contenido a la agenda vasca, que puede ser el punto de encuentro entre diferentes. Todo ello para propiciar acuerdos en el desarrollo de pol\u00edticas p\u00fablicas con visi\u00f3n de pa\u00eds, as\u00ed como definir un nuevo estatus pol\u00edtico. La agenda vasca como iniciativa que permita el avance tanto nacional como social de esta parte del pa\u00eds, pase lo que pase all\u00ed fuera y venga lo que venga los pr\u00f3ximos meses. <br\/><\/p>\n\n<p>Por ello, en el pleno de pol\u00edtica general, propondremos un esquema de trabajo con cuatro carriles para este curso pol\u00edtico:<br\/><\/p>\n\n<ol>\n<li>\u00bfC\u00f3mo actuar en el caso de las pol\u00edticas p\u00fablicas que se han demostrado fallidas?<\/li>\n\n\n\n<li>\u00bfC\u00f3mo proceder en el caso de pol\u00edticas p\u00fablicas en las que puedan alcanzarse acuerdos parciales?<\/li>\n\n\n\n<li>\u00bfQu\u00e9 acuerdos de pa\u00eds son posibles?<\/li>\n\n\n\n<li>Compromiso para resolver el ejercicio del nuevo estatus pol\u00edtico.<\/li>\n<\/ol>\n","protected":false},"excerpt":{"rendered":"<p>Cuando se analiza la situaci\u00f3n global, cinco im\u00e1genes vistas este verano son suficientes para hacerse una idea de la \u00e9poca hist\u00f3rica en la que vivimos: Podr\u00edamos estar bastante de acuerdo al valorar tambi\u00e9n la situaci\u00f3n pol\u00edtica de Espa\u00f1a: la pol\u00edtica espa\u00f1ola es t\u00f3xica, no aporta nada bueno. Hay una polarizaci\u00f3n extrema, pero conviene ir m\u00e1s [&hellip;]<\/p>\n","protected":false},"author":4,"featured_media":2801,"comment_status":"open","ping_status":"closed","sticky":false,"template":"","format":"standard","meta":{"_acf_changed":false,"footnotes":""},"categories":[4],"tags":[],"acf":[],"yoast_head":"<!-- This site is optimized with the Yoast SEO plugin v22.9 - https:\/\/yoast.com\/wordpress\/plugins\/seo\/ -->\n<title>Es el momento de pasar de las palabras a los hechos - Pello Otxandiano Kanpo<\/title>\n<meta name=\"description\" content=\"Hay que dotar de sentido a la legislatura y de contenido a la agenda vasca, que puede ser el punto de encuentro entre diferentes.\" \/>\n<meta name=\"robots\" content=\"index, follow, max-snippet:-1, max-image-preview:large, max-video-preview:-1\" \/>\n<link rel=\"canonical\" href=\"https:\/\/pello.eus\/es\/de-las-palabras-a-los-hechos\/\" \/>\n<meta property=\"og:locale\" content=\"es_ES\" \/>\n<meta property=\"og:type\" content=\"article\" \/>\n<meta property=\"og:title\" content=\"Es el momento de pasar de las palabras a los hechos - Pello Otxandiano Kanpo\" \/>\n<meta property=\"og:description\" content=\"Hay que dotar de sentido a la legislatura y de contenido a la agenda vasca, que puede ser el punto de encuentro entre diferentes.\" \/>\n<meta property=\"og:url\" content=\"https:\/\/pello.eus\/es\/de-las-palabras-a-los-hechos\/\" \/>\n<meta property=\"og:site_name\" content=\"Pello Otxandiano Kanpo\" \/>\n<meta property=\"article:publisher\" content=\"https:\/\/www.facebook.com\/p.otxandiano\/\" \/>\n<meta property=\"article:published_time\" content=\"2025-09-16T10:58:14+00:00\" \/>\n<meta property=\"article:modified_time\" content=\"2025-09-16T11:07:57+00:00\" \/>\n<meta property=\"og:image\" content=\"https:\/\/pello.eus\/wp-content\/uploads\/2025\/09\/PO20250916.jpg\" \/>\n\t<meta property=\"og:image:width\" content=\"1920\" \/>\n\t<meta property=\"og:image:height\" content=\"1080\" \/>\n\t<meta property=\"og:image:type\" content=\"image\/jpeg\" \/>\n<meta name=\"author\" content=\"p.arzanegi\" \/>\n<meta name=\"twitter:card\" content=\"summary_large_image\" \/>\n<meta name=\"twitter:creator\" content=\"@PelloOtxandiano\" \/>\n<meta name=\"twitter:site\" content=\"@PelloOtxandiano\" \/>\n<meta name=\"twitter:label1\" content=\"Escrito por\" \/>\n\t<meta name=\"twitter:data1\" content=\"p.arzanegi\" \/>\n\t<meta name=\"twitter:label2\" content=\"Tiempo de lectura\" \/>\n\t<meta name=\"twitter:data2\" content=\"4 minutos\" \/>\n<script type=\"application\/ld+json\" class=\"yoast-schema-graph\">{\"@context\":\"https:\/\/schema.org\",\"@graph\":[{\"@type\":\"Article\",\"@id\":\"https:\/\/pello.eus\/es\/de-las-palabras-a-los-hechos\/#article\",\"isPartOf\":{\"@id\":\"https:\/\/pello.eus\/es\/de-las-palabras-a-los-hechos\/\"},\"author\":{\"name\":\"p.arzanegi\",\"@id\":\"https:\/\/pello.eus\/es\/#\/schema\/person\/186e8bd03e840b05e26815a9e6c02095\"},\"headline\":\"Es el momento de pasar de las palabras a los hechos\",\"datePublished\":\"2025-09-16T10:58:14+00:00\",\"dateModified\":\"2025-09-16T11:07:57+00:00\",\"mainEntityOfPage\":{\"@id\":\"https:\/\/pello.eus\/es\/de-las-palabras-a-los-hechos\/\"},\"wordCount\":742,\"commentCount\":0,\"publisher\":{\"@id\":\"https:\/\/pello.eus\/es\/#organization\"},\"image\":{\"@id\":\"https:\/\/pello.eus\/es\/de-las-palabras-a-los-hechos\/#primaryimage\"},\"thumbnailUrl\":\"https:\/\/pello.eus\/wp-content\/uploads\/2025\/09\/PO20250916.jpg\",\"articleSection\":[\"Begiradak\"],\"inLanguage\":\"es\",\"potentialAction\":[{\"@type\":\"CommentAction\",\"name\":\"Comment\",\"target\":[\"https:\/\/pello.eus\/es\/de-las-palabras-a-los-hechos\/#respond\"]}]},{\"@type\":\"WebPage\",\"@id\":\"https:\/\/pello.eus\/es\/de-las-palabras-a-los-hechos\/\",\"url\":\"https:\/\/pello.eus\/es\/de-las-palabras-a-los-hechos\/\",\"name\":\"Es el momento de pasar de las palabras a los hechos - Pello Otxandiano Kanpo\",\"isPartOf\":{\"@id\":\"https:\/\/pello.eus\/es\/#website\"},\"primaryImageOfPage\":{\"@id\":\"https:\/\/pello.eus\/es\/de-las-palabras-a-los-hechos\/#primaryimage\"},\"image\":{\"@id\":\"https:\/\/pello.eus\/es\/de-las-palabras-a-los-hechos\/#primaryimage\"},\"thumbnailUrl\":\"https:\/\/pello.eus\/wp-content\/uploads\/2025\/09\/PO20250916.jpg\",\"datePublished\":\"2025-09-16T10:58:14+00:00\",\"dateModified\":\"2025-09-16T11:07:57+00:00\",\"description\":\"Hay que dotar de sentido a la legislatura y de contenido a la agenda vasca, que puede ser el punto de encuentro entre diferentes.\",\"breadcrumb\":{\"@id\":\"https:\/\/pello.eus\/es\/de-las-palabras-a-los-hechos\/#breadcrumb\"},\"inLanguage\":\"es\",\"potentialAction\":[{\"@type\":\"ReadAction\",\"target\":[\"https:\/\/pello.eus\/es\/de-las-palabras-a-los-hechos\/\"]}]},{\"@type\":\"ImageObject\",\"inLanguage\":\"es\",\"@id\":\"https:\/\/pello.eus\/es\/de-las-palabras-a-los-hechos\/#primaryimage\",\"url\":\"https:\/\/pello.eus\/wp-content\/uploads\/2025\/09\/PO20250916.jpg\",\"contentUrl\":\"https:\/\/pello.eus\/wp-content\/uploads\/2025\/09\/PO20250916.jpg\",\"width\":1920,\"height\":1080},{\"@type\":\"BreadcrumbList\",\"@id\":\"https:\/\/pello.eus\/es\/de-las-palabras-a-los-hechos\/#breadcrumb\",\"itemListElement\":[{\"@type\":\"ListItem\",\"position\":1,\"name\":\"Home\",\"item\":\"https:\/\/pello.eus\/es\/\"},{\"@type\":\"ListItem\",\"position\":2,\"name\":\"Es el momento de pasar de las palabras a los hechos\"}]},{\"@type\":\"WebSite\",\"@id\":\"https:\/\/pello.eus\/es\/#website\",\"url\":\"https:\/\/pello.eus\/es\/\",\"name\":\"Pello Otxandiano Kanpo\",\"description\":\"Aldatzeko nahia ordezkatu nahi dut. Aspiro a representar el deseo de cambio. EH Bildu candidate for Lehendakari.\",\"publisher\":{\"@id\":\"https:\/\/pello.eus\/es\/#organization\"},\"potentialAction\":[{\"@type\":\"SearchAction\",\"target\":{\"@type\":\"EntryPoint\",\"urlTemplate\":\"https:\/\/pello.eus\/es\/?s={search_term_string}\"},\"query-input\":\"required name=search_term_string\"}],\"inLanguage\":\"es\"},{\"@type\":\"Organization\",\"@id\":\"https:\/\/pello.eus\/es\/#organization\",\"name\":\"Pello Otxandiano Kanpo\",\"url\":\"https:\/\/pello.eus\/es\/\",\"logo\":{\"@type\":\"ImageObject\",\"inLanguage\":\"es\",\"@id\":\"https:\/\/pello.eus\/es\/#\/schema\/logo\/image\/\",\"url\":\"https:\/\/pello.eus\/wp-content\/uploads\/2024\/01\/pello-eus.jpg\",\"contentUrl\":\"https:\/\/pello.eus\/wp-content\/uploads\/2024\/01\/pello-eus.jpg\",\"width\":1920,\"height\":1272,\"caption\":\"Pello Otxandiano Kanpo\"},\"image\":{\"@id\":\"https:\/\/pello.eus\/es\/#\/schema\/logo\/image\/\"},\"sameAs\":[\"https:\/\/www.facebook.com\/p.otxandiano\/\",\"https:\/\/x.com\/PelloOtxandiano\",\"https:\/\/www.tiktok.com\/@pellootxandiano\",\"https:\/\/www.linkedin.com\/in\/pello-otxandiano-kanpo-26b5a8a\/\",\"https:\/\/www.threads.net\/@pellootxandiano\"]},{\"@type\":\"Person\",\"@id\":\"https:\/\/pello.eus\/es\/#\/schema\/person\/186e8bd03e840b05e26815a9e6c02095\",\"name\":\"p.arzanegi\",\"image\":{\"@type\":\"ImageObject\",\"inLanguage\":\"es\",\"@id\":\"https:\/\/pello.eus\/es\/#\/schema\/person\/image\/\",\"url\":\"https:\/\/secure.gravatar.com\/avatar\/62fb854d23b2b5bb9c2b51dce7b35a45?s=96&d=mm&r=g\",\"contentUrl\":\"https:\/\/secure.gravatar.com\/avatar\/62fb854d23b2b5bb9c2b51dce7b35a45?s=96&d=mm&r=g\",\"caption\":\"p.arzanegi\"},\"url\":\"https:\/\/pello.eus\/es\/author\/p-arzanegi\/\"}]}<\/script>\n<!-- \/ Yoast SEO plugin. -->","yoast_head_json":{"title":"Es el momento de pasar de las palabras a los hechos - Pello Otxandiano Kanpo","description":"Hay que dotar de sentido a la legislatura y de contenido a la agenda vasca, que puede ser el punto de encuentro entre diferentes.","robots":{"index":"index","follow":"follow","max-snippet":"max-snippet:-1","max-image-preview":"max-image-preview:large","max-video-preview":"max-video-preview:-1"},"canonical":"https:\/\/pello.eus\/es\/de-las-palabras-a-los-hechos\/","og_locale":"es_ES","og_type":"article","og_title":"Es el momento de pasar de las palabras a los hechos - Pello Otxandiano Kanpo","og_description":"Hay que dotar de sentido a la legislatura y de contenido a la agenda vasca, que puede ser el punto de encuentro entre diferentes.","og_url":"https:\/\/pello.eus\/es\/de-las-palabras-a-los-hechos\/","og_site_name":"Pello Otxandiano Kanpo","article_publisher":"https:\/\/www.facebook.com\/p.otxandiano\/","article_published_time":"2025-09-16T10:58:14+00:00","article_modified_time":"2025-09-16T11:07:57+00:00","og_image":[{"width":1920,"height":1080,"url":"https:\/\/pello.eus\/wp-content\/uploads\/2025\/09\/PO20250916.jpg","type":"image\/jpeg"}],"author":"p.arzanegi","twitter_card":"summary_large_image","twitter_creator":"@PelloOtxandiano","twitter_site":"@PelloOtxandiano","twitter_misc":{"Escrito por":"p.arzanegi","Tiempo de lectura":"4 minutos"},"schema":{"@context":"https:\/\/schema.org","@graph":[{"@type":"Article","@id":"https:\/\/pello.eus\/es\/de-las-palabras-a-los-hechos\/#article","isPartOf":{"@id":"https:\/\/pello.eus\/es\/de-las-palabras-a-los-hechos\/"},"author":{"name":"p.arzanegi","@id":"https:\/\/pello.eus\/es\/#\/schema\/person\/186e8bd03e840b05e26815a9e6c02095"},"headline":"Es el momento de pasar de las palabras a los hechos","datePublished":"2025-09-16T10:58:14+00:00","dateModified":"2025-09-16T11:07:57+00:00","mainEntityOfPage":{"@id":"https:\/\/pello.eus\/es\/de-las-palabras-a-los-hechos\/"},"wordCount":742,"commentCount":0,"publisher":{"@id":"https:\/\/pello.eus\/es\/#organization"},"image":{"@id":"https:\/\/pello.eus\/es\/de-las-palabras-a-los-hechos\/#primaryimage"},"thumbnailUrl":"https:\/\/pello.eus\/wp-content\/uploads\/2025\/09\/PO20250916.jpg","articleSection":["Begiradak"],"inLanguage":"es","potentialAction":[{"@type":"CommentAction","name":"Comment","target":["https:\/\/pello.eus\/es\/de-las-palabras-a-los-hechos\/#respond"]}]},{"@type":"WebPage","@id":"https:\/\/pello.eus\/es\/de-las-palabras-a-los-hechos\/","url":"https:\/\/pello.eus\/es\/de-las-palabras-a-los-hechos\/","name":"Es el momento de pasar de las palabras a los hechos - Pello Otxandiano Kanpo","isPartOf":{"@id":"https:\/\/pello.eus\/es\/#website"},"primaryImageOfPage":{"@id":"https:\/\/pello.eus\/es\/de-las-palabras-a-los-hechos\/#primaryimage"},"image":{"@id":"https:\/\/pello.eus\/es\/de-las-palabras-a-los-hechos\/#primaryimage"},"thumbnailUrl":"https:\/\/pello.eus\/wp-content\/uploads\/2025\/09\/PO20250916.jpg","datePublished":"2025-09-16T10:58:14+00:00","dateModified":"2025-09-16T11:07:57+00:00","description":"Hay que dotar de sentido a la legislatura y de contenido a la agenda vasca, que puede ser el punto de encuentro entre diferentes.","breadcrumb":{"@id":"https:\/\/pello.eus\/es\/de-las-palabras-a-los-hechos\/#breadcrumb"},"inLanguage":"es","potentialAction":[{"@type":"ReadAction","target":["https:\/\/pello.eus\/es\/de-las-palabras-a-los-hechos\/"]}]},{"@type":"ImageObject","inLanguage":"es","@id":"https:\/\/pello.eus\/es\/de-las-palabras-a-los-hechos\/#primaryimage","url":"https:\/\/pello.eus\/wp-content\/uploads\/2025\/09\/PO20250916.jpg","contentUrl":"https:\/\/pello.eus\/wp-content\/uploads\/2025\/09\/PO20250916.jpg","width":1920,"height":1080},{"@type":"BreadcrumbList","@id":"https:\/\/pello.eus\/es\/de-las-palabras-a-los-hechos\/#breadcrumb","itemListElement":[{"@type":"ListItem","position":1,"name":"Home","item":"https:\/\/pello.eus\/es\/"},{"@type":"ListItem","position":2,"name":"Es el momento de pasar de las palabras a los hechos"}]},{"@type":"WebSite","@id":"https:\/\/pello.eus\/es\/#website","url":"https:\/\/pello.eus\/es\/","name":"Pello Otxandiano Kanpo","description":"Aldatzeko nahia ordezkatu nahi dut. Aspiro a representar el deseo de cambio. EH Bildu candidate for Lehendakari.","publisher":{"@id":"https:\/\/pello.eus\/es\/#organization"},"potentialAction":[{"@type":"SearchAction","target":{"@type":"EntryPoint","urlTemplate":"https:\/\/pello.eus\/es\/?s={search_term_string}"},"query-input":"required name=search_term_string"}],"inLanguage":"es"},{"@type":"Organization","@id":"https:\/\/pello.eus\/es\/#organization","name":"Pello Otxandiano Kanpo","url":"https:\/\/pello.eus\/es\/","logo":{"@type":"ImageObject","inLanguage":"es","@id":"https:\/\/pello.eus\/es\/#\/schema\/logo\/image\/","url":"https:\/\/pello.eus\/wp-content\/uploads\/2024\/01\/pello-eus.jpg","contentUrl":"https:\/\/pello.eus\/wp-content\/uploads\/2024\/01\/pello-eus.jpg","width":1920,"height":1272,"caption":"Pello Otxandiano Kanpo"},"image":{"@id":"https:\/\/pello.eus\/es\/#\/schema\/logo\/image\/"},"sameAs":["https:\/\/www.facebook.com\/p.otxandiano\/","https:\/\/x.com\/PelloOtxandiano","https:\/\/www.tiktok.com\/@pellootxandiano","https:\/\/www.linkedin.com\/in\/pello-otxandiano-kanpo-26b5a8a\/","https:\/\/www.threads.net\/@pellootxandiano"]},{"@type":"Person","@id":"https:\/\/pello.eus\/es\/#\/schema\/person\/186e8bd03e840b05e26815a9e6c02095","name":"p.arzanegi","image":{"@type":"ImageObject","inLanguage":"es","@id":"https:\/\/pello.eus\/es\/#\/schema\/person\/image\/","url":"https:\/\/secure.gravatar.com\/avatar\/62fb854d23b2b5bb9c2b51dce7b35a45?s=96&d=mm&r=g","contentUrl":"https:\/\/secure.gravatar.com\/avatar\/62fb854d23b2b5bb9c2b51dce7b35a45?s=96&d=mm&r=g","caption":"p.arzanegi"},"url":"https:\/\/pello.eus\/es\/author\/p-arzanegi\/"}]}},"_links":{"self":[{"href":"https:\/\/pello.eus\/es\/wp-json\/wp\/v2\/posts\/2803"}],"collection":[{"href":"https:\/\/pello.eus\/es\/wp-json\/wp\/v2\/posts"}],"about":[{"href":"https:\/\/pello.eus\/es\/wp-json\/wp\/v2\/types\/post"}],"author":[{"embeddable":true,"href":"https:\/\/pello.eus\/es\/wp-json\/wp\/v2\/users\/4"}],"replies":[{"embeddable":true,"href":"https:\/\/pello.eus\/es\/wp-json\/wp\/v2\/comments?post=2803"}],"version-history":[{"count":1,"href":"https:\/\/pello.eus\/es\/wp-json\/wp\/v2\/posts\/2803\/revisions"}],"predecessor-version":[{"id":2804,"href":"https:\/\/pello.eus\/es\/wp-json\/wp\/v2\/posts\/2803\/revisions\/2804"}],"wp:featuredmedia":[{"embeddable":true,"href":"https:\/\/pello.eus\/es\/wp-json\/wp\/v2\/media\/2801"}],"wp:attachment":[{"href":"https:\/\/pello.eus\/es\/wp-json\/wp\/v2\/media?parent=2803"}],"wp:term":[{"taxonomy":"category","embeddable":true,"href":"https:\/\/pello.eus\/es\/wp-json\/wp\/v2\/categories?post=2803"},{"taxonomy":"post_tag","embeddable":true,"href":"https:\/\/pello.eus\/es\/wp-json\/wp\/v2\/tags?post=2803"}],"curies":[{"name":"wp","href":"https:\/\/api.w.org\/{rel}","templated":true}]}}