{"id":2762,"date":"2025-06-29T01:30:00","date_gmt":"2025-06-29T00:30:00","guid":{"rendered":"https:\/\/pello.eus\/?p=2762"},"modified":"2025-06-29T08:47:26","modified_gmt":"2025-06-29T07:47:26","slug":"el-no-pacto-de-salud-mucha-tela-que-cortar","status":"publish","type":"post","link":"https:\/\/pello.eus\/es\/el-no-pacto-de-salud-mucha-tela-que-cortar\/","title":{"rendered":"El no-Pacto de Salud: mucha tela que cortar"},"content":{"rendered":"\n<p>El principal escollo del Pacto de Salud ha sido la manera en que se ha planteado la relaci\u00f3n p\u00fablico-privada. Desde nuestro punto de vista, no se ha blindado la sanidad p\u00fablica de manera suficiente frente al \u00e1nimo de lucro, y esta ha sido la raz\u00f3n fundamental por la que EH Bildu no ha suscrito el pacto.<\/p>\n\n\n\n<p>En las \u00faltimas semanas se ha dicho de forma reiterada que el texto recog\u00eda el compromiso de no exceder el 6% de nivel de concertaci\u00f3n con la sanidad privada, y que eso era suficiente para acreditar el compromiso con la no privatizaci\u00f3n. No obstante, ese indicador, tal como lo reconoce el propio diagn\u00f3stico de la mesa de salud, es un indicador difuso, porque se desconoce qu\u00e9 es exactamente lo que computa. Nuestra sospecha es que se refiere a los conciertos del Departamento de Salud, pero la relaci\u00f3n que Osakidetza tiene hoy con el sector privado va mucho m\u00e1s all\u00e1.<\/p>\n\n\n\n<p>Hay una realidad insoslayable que hace que los participantes en la mesa con alta sensibilidad social sean especialmente cautos ante este tipo de mensajes por parte de los partidos de gobierno. Si repasamos el presupuesto del Gobierno Vasco del presente a\u00f1o vemos que hay una tendencia hacia la privatizaci\u00f3n: el gasto dirigido a la concertaci\u00f3n sanitaria ha crecido un 9,1% con respecto al a\u00f1o anterior; el dirigido a la concertaci\u00f3n sociosanitaria un 47% desde 2023; el presupuesto para cubrir las derivaciones ha pasado del 4,4% al 6,5% desde el ejercicio anterior al presente.<\/p>\n\n\n\n<p>Pero, adem\u00e1s, en los \u00faltimos a\u00f1os hemos asistido a procesos de privatizaci\u00f3n de servicios no sanitarios pero s\u00ed cr\u00edticos como el centro log\u00edstico de Iurreta que ahora se ha paralizado. Bien, pero no sabemos qu\u00e9 va a pasar de cara al futuro. Lo que sabemos es que este mismo Gobierno PNV-PSE fue quien tuvo a bien fomentar la privatizaci\u00f3n de una infraestructura log\u00edstica esencial como esta hace escasos a\u00f1os, lo cual demuestra que la tentaci\u00f3n de privatizar es real.<\/p>\n\n\n\n<p>Adem\u00e1s, el nivel de concertaci\u00f3n del Departamento de Salud es un indicador insuficiente, ya que las v\u00edas por las que el \u00e1nimo de lucro va a poder avanzar en la prestaci\u00f3n del servicio de salud van a ser variadas. Por ejemplo, si hacemos frente a las listas de espera por medio de derivaciones y esto pasa de ser una circunstancia puntual a convertirse en una pr\u00e1ctica habitual, lo que estamos haciendo es ahondar en la dependencia del sistema p\u00fablico con la sanidad privada.<\/p>\n\n\n\n<p>Si reparamos al contexto en el que se va a desenvolver la sanidad p\u00fablica en los siguientes a\u00f1os, sobran razones para recelar: Europa camina hacia el 5% del PIB en defensa, lo cual solo se puede realizar recortando servicios p\u00fablicos, y recordemos que la sanidad es el servicio p\u00fablico m\u00e1s costoso. Esta circunstancia se da, adem\u00e1s, en un contexto de envejecimiento de la poblaci\u00f3n que va a requerir un aumento de la inversi\u00f3n p\u00fablica en sanidad si queremos mantener los est\u00e1ndares de calidad que hemos conocido hasta ahora. La digitalizaci\u00f3n, junto al uso del dato, es un tercer factor que va a propiciar nuevas posibilidades para que el \u00e1nimo de lucro encuentre nuevos espacios en la prestaci\u00f3n del servicio de salud. Por lo tanto, la presi\u00f3n para reducir la inversi\u00f3n p\u00fablica o no aumentarla en proporci\u00f3n al envejecimiento de la poblaci\u00f3n va a estar muy presente. El riesgo de profundizar en la dualizaci\u00f3n del sistema sanitario (una sanidad p\u00fablica devaluada y una sanidad privada con cada vez m\u00e1s receptores) que ya se est\u00e1 produciendo es muy real.<\/p>\n\n\n\n<p>Por lo tanto, ni es suficiente con un solo indicador, ni los partidos de Gobierno est\u00e1n en disposici\u00f3n de pedir que la sociedad haga un acto de fe y conf\u00ede en la buena voluntad de los actuales y futuros gobernantes. El compromiso con la sanidad p\u00fablica debe acreditarse de forma taxativa, con la suficiente concreci\u00f3n y sin ambages: Hay que cerrar el paso al \u00e1nimo de lucro y profundizar en la autosuficiencia de la sanidad p\u00fablica. <\/p>\n\n\n\n<p>Con ese objetivo, EH Bildu realiz\u00f3 una enmienda al texto de la mesa de salud que se refiere a la relaci\u00f3n p\u00fablico-privada. La enmienda plantea el objetivo de reforzar el sistema p\u00fablico de Salud, priorizando la prestaci\u00f3n del servicio mediante medios p\u00fablicos y propios y revirtiendo servicios estructurales y cr\u00edticos, bajo los principios de eficiencia, equidad y calidad, poniendo a la\/el ciudadana\/o en el centro. Y propone cinco l\u00edneas de actuaci\u00f3n:<\/p>\n\n\n\n<ul>\n<li>Inventariar la prestaci\u00f3n de servicios, incluyendo contratos, conciertos, convenios, subvenciones y otros instrumentos.<\/li>\n\n\n\n<li>Evaluar cada contrato con el sector privado para la provisi\u00f3n de servicios.<\/li>\n\n\n\n<li>Crear un marco integrado por la administraci\u00f3n, colegios profesionales, representantes de trabajadores\/as y representantes de usuarios\/as que analice y apruebe las situaciones puntuales, debidamente justificadas, de externalizaci\u00f3n de servicios.<\/li>\n\n\n\n<li>Realizar un plan de integraci\u00f3n de servicios tanto estrictamente sanitarios como complementarios que deban ser provistos directamente por el sector p\u00fablico, con un cronograma para su publificaci\u00f3n progresiva.<\/li>\n\n\n\n<li>Fortalecer la capacidad p\u00fablica de planificaci\u00f3n, organizaci\u00f3n y contrataci\u00f3n.<\/li>\n<\/ul>\n\n\n\n<p><\/p>\n\n\n\n<p>Cre\u00edamos que este era el suelo que deb\u00eda establecer el Pacto de Salud. La preguntas que nos hacemos son, \u00bfcon cu\u00e1l de las cinco l\u00edneas de actuaci\u00f3n no se est\u00e1 de acuerdo y por qu\u00e9? Pensamos que la relaci\u00f3n p\u00fablico-privada, el nudo gordiano de la mesa de salud, requer\u00eda un ejercicio pausado de an\u00e1lisis y debate. Algo que no se ha querido hacer.<\/p>\n\n\n\n<p>Porque las prisas por cerrar el proceso y anunciar un Pacto han prevalecido sobre las condiciones que la mesa deb\u00eda propiciar para desatar el nudo gordiano de forma adecuada. En las \u00faltimas semanas, la din\u00e1mica de trabajo de la mesa ha estado expuesta a una presi\u00f3n pol\u00edtica que ha desvirtuado el propio ejercicio de la mesa. Mensajes como que ya hab\u00eda acuerdo en 22 de las 24 ponencias cuando se estaba en periodo de enmiendas, o las interpelaciones p\u00fablicas de los partidos de gobierno en el sentido de que aqu\u00ed se iba a pasar el algod\u00f3n a EH Bildu, son una instrumentalizaci\u00f3n de un ejercicio colaborativo en aras de intereses pol\u00edticos cortoplacistas.<\/p>\n\n\n\n<p>Hoy no hay Pacto de Salud. El viernes se plantearon dos votaciones. La primera, si nos adher\u00edamos o no al Pacto que engloba las 24 ponencias. El voto de EH Bildu fue contrario, junto a Sumar y todos los sindicatos de Osakidetza. PNV, PSE, Confebask y PP, entre otros, votaron a favor. M\u00e1s all\u00e1 de EH Bildu y lo que representa como segunda fuerza en el Parlamento Vasco con 27 esca\u00f1os, me parece que no se puede llamar Pacto de Salud a algo que cuenta con el rechazo de pr\u00e1cticamente todos los representantes de los y las trabajadoras de Osakidetza. Algo se ha hecho mal en la mesa de salud si todos los sindicatos entienden que el compromiso con la sanidad p\u00fablica no es lo suficientemente claro.<\/p>\n\n\n\n<p>El viernes hubo una segunda votaci\u00f3n sobre si permanec\u00edamos o no en la mesa de salud participando en la comisi\u00f3n de seguimiento. EH Bildu dijo que s\u00ed. Estamos dispuestos y dispuestas a seguir participando en la mesa de salud para hacer seguimiento de la implementaci\u00f3n de los consensos alcanzados y seguir profundizando en las cuestiones que generan disensos que son de gran calado, no solo en lo que se refiere a la relaci\u00f3n p\u00fablico-privada, tambi\u00e9n en aquellas que guardan relaci\u00f3n con la cartera de servicios o la pol\u00edtica de personal. Durante los \u00faltimos meses, hemos hecho un trabajo ingente y una aportaci\u00f3n cualitativa reconocible en cada una de las 24 ponencias. Suscribimos 11 de ellas, no estamos de acuerdo en ocho y nos hemos abstenido en cinco. Creemos que hay que retomar el esp\u00edritu inicial de este ejercicio colaborativo, desvirtuado en la \u00faltima fase, y conformar un espacio de an\u00e1lisis y debate de rigor. Algo que en ning\u00fan caso puede suplantar al Parlamento: Aqu\u00ed hay un gobierno con mayor\u00eda absoluta que debe gobernar y una oposici\u00f3n que debe hacer su trabajo.<\/p>\n\n\n\n<p><\/p>\n","protected":false},"excerpt":{"rendered":"<p>El principal escollo del Pacto de Salud ha sido la manera en que se ha planteado la relaci\u00f3n p\u00fablico-privada. Desde nuestro punto de vista, no se ha blindado la sanidad p\u00fablica de manera suficiente frente al \u00e1nimo de lucro, y esta ha sido la raz\u00f3n fundamental por la que EH Bildu no ha suscrito el [&hellip;]<\/p>\n","protected":false},"author":4,"featured_media":2771,"comment_status":"open","ping_status":"closed","sticky":false,"template":"","format":"standard","meta":{"_acf_changed":false,"footnotes":""},"categories":[4],"tags":[],"acf":[],"yoast_head":"<!-- This site is optimized with the Yoast SEO plugin v22.9 - https:\/\/yoast.com\/wordpress\/plugins\/seo\/ -->\n<title>El no-Pacto de Salud: mucha tela que cortar - Pello Otxandiano Kanpo<\/title>\n<meta name=\"description\" content=\"Algo se ha hecho mal en la mesa de salud si todos los sindicatos entienden que el compromiso con la sanidad p\u00fablica no es lo suficientemente claro.\" \/>\n<meta name=\"robots\" content=\"index, follow, max-snippet:-1, max-image-preview:large, max-video-preview:-1\" \/>\n<link rel=\"canonical\" href=\"https:\/\/pello.eus\/es\/el-no-pacto-de-salud-mucha-tela-que-cortar\/\" \/>\n<meta property=\"og:locale\" content=\"es_ES\" \/>\n<meta property=\"og:type\" content=\"article\" \/>\n<meta property=\"og:title\" content=\"El no-Pacto de Salud: mucha tela que cortar - Pello Otxandiano Kanpo\" \/>\n<meta property=\"og:description\" content=\"Algo se ha hecho mal en la mesa de salud si todos los sindicatos entienden que el compromiso con la sanidad p\u00fablica no es lo suficientemente claro.\" \/>\n<meta property=\"og:url\" content=\"https:\/\/pello.eus\/es\/el-no-pacto-de-salud-mucha-tela-que-cortar\/\" \/>\n<meta property=\"og:site_name\" content=\"Pello Otxandiano Kanpo\" \/>\n<meta property=\"article:publisher\" content=\"https:\/\/www.facebook.com\/p.otxandiano\/\" \/>\n<meta property=\"article:published_time\" content=\"2025-06-29T00:30:00+00:00\" \/>\n<meta property=\"article:modified_time\" content=\"2025-06-29T07:47:26+00:00\" \/>\n<meta property=\"og:image\" content=\"https:\/\/pello.eus\/wp-content\/uploads\/2025\/06\/20250629_OSAKIDETZA.jpg\" \/>\n\t<meta property=\"og:image:width\" content=\"1920\" \/>\n\t<meta property=\"og:image:height\" content=\"1080\" \/>\n\t<meta property=\"og:image:type\" content=\"image\/jpeg\" \/>\n<meta name=\"author\" content=\"p.arzanegi\" \/>\n<meta name=\"twitter:card\" content=\"summary_large_image\" \/>\n<meta name=\"twitter:creator\" content=\"@PelloOtxandiano\" \/>\n<meta name=\"twitter:site\" content=\"@PelloOtxandiano\" \/>\n<meta name=\"twitter:label1\" content=\"Escrito por\" \/>\n\t<meta name=\"twitter:data1\" content=\"p.arzanegi\" \/>\n\t<meta name=\"twitter:label2\" content=\"Tiempo de lectura\" \/>\n\t<meta name=\"twitter:data2\" content=\"7 minutos\" \/>\n<script type=\"application\/ld+json\" class=\"yoast-schema-graph\">{\"@context\":\"https:\/\/schema.org\",\"@graph\":[{\"@type\":\"Article\",\"@id\":\"https:\/\/pello.eus\/es\/el-no-pacto-de-salud-mucha-tela-que-cortar\/#article\",\"isPartOf\":{\"@id\":\"https:\/\/pello.eus\/es\/el-no-pacto-de-salud-mucha-tela-que-cortar\/\"},\"author\":{\"name\":\"p.arzanegi\",\"@id\":\"https:\/\/pello.eus\/es\/#\/schema\/person\/186e8bd03e840b05e26815a9e6c02095\"},\"headline\":\"El no-Pacto de Salud: mucha tela que cortar\",\"datePublished\":\"2025-06-29T00:30:00+00:00\",\"dateModified\":\"2025-06-29T07:47:26+00:00\",\"mainEntityOfPage\":{\"@id\":\"https:\/\/pello.eus\/es\/el-no-pacto-de-salud-mucha-tela-que-cortar\/\"},\"wordCount\":1420,\"commentCount\":0,\"publisher\":{\"@id\":\"https:\/\/pello.eus\/es\/#organization\"},\"image\":{\"@id\":\"https:\/\/pello.eus\/es\/el-no-pacto-de-salud-mucha-tela-que-cortar\/#primaryimage\"},\"thumbnailUrl\":\"https:\/\/pello.eus\/wp-content\/uploads\/2025\/06\/20250629_OSAKIDETZA.jpg\",\"articleSection\":[\"Begiradak\"],\"inLanguage\":\"es\",\"potentialAction\":[{\"@type\":\"CommentAction\",\"name\":\"Comment\",\"target\":[\"https:\/\/pello.eus\/es\/el-no-pacto-de-salud-mucha-tela-que-cortar\/#respond\"]}]},{\"@type\":\"WebPage\",\"@id\":\"https:\/\/pello.eus\/es\/el-no-pacto-de-salud-mucha-tela-que-cortar\/\",\"url\":\"https:\/\/pello.eus\/es\/el-no-pacto-de-salud-mucha-tela-que-cortar\/\",\"name\":\"El no-Pacto de Salud: mucha tela que cortar - Pello Otxandiano Kanpo\",\"isPartOf\":{\"@id\":\"https:\/\/pello.eus\/es\/#website\"},\"primaryImageOfPage\":{\"@id\":\"https:\/\/pello.eus\/es\/el-no-pacto-de-salud-mucha-tela-que-cortar\/#primaryimage\"},\"image\":{\"@id\":\"https:\/\/pello.eus\/es\/el-no-pacto-de-salud-mucha-tela-que-cortar\/#primaryimage\"},\"thumbnailUrl\":\"https:\/\/pello.eus\/wp-content\/uploads\/2025\/06\/20250629_OSAKIDETZA.jpg\",\"datePublished\":\"2025-06-29T00:30:00+00:00\",\"dateModified\":\"2025-06-29T07:47:26+00:00\",\"description\":\"Algo se ha hecho mal en la mesa de salud si todos los sindicatos entienden que el compromiso con la sanidad p\u00fablica no es lo suficientemente claro.\",\"breadcrumb\":{\"@id\":\"https:\/\/pello.eus\/es\/el-no-pacto-de-salud-mucha-tela-que-cortar\/#breadcrumb\"},\"inLanguage\":\"es\",\"potentialAction\":[{\"@type\":\"ReadAction\",\"target\":[\"https:\/\/pello.eus\/es\/el-no-pacto-de-salud-mucha-tela-que-cortar\/\"]}]},{\"@type\":\"ImageObject\",\"inLanguage\":\"es\",\"@id\":\"https:\/\/pello.eus\/es\/el-no-pacto-de-salud-mucha-tela-que-cortar\/#primaryimage\",\"url\":\"https:\/\/pello.eus\/wp-content\/uploads\/2025\/06\/20250629_OSAKIDETZA.jpg\",\"contentUrl\":\"https:\/\/pello.eus\/wp-content\/uploads\/2025\/06\/20250629_OSAKIDETZA.jpg\",\"width\":1920,\"height\":1080},{\"@type\":\"BreadcrumbList\",\"@id\":\"https:\/\/pello.eus\/es\/el-no-pacto-de-salud-mucha-tela-que-cortar\/#breadcrumb\",\"itemListElement\":[{\"@type\":\"ListItem\",\"position\":1,\"name\":\"Home\",\"item\":\"https:\/\/pello.eus\/es\/\"},{\"@type\":\"ListItem\",\"position\":2,\"name\":\"El no-Pacto de Salud: mucha tela que cortar\"}]},{\"@type\":\"WebSite\",\"@id\":\"https:\/\/pello.eus\/es\/#website\",\"url\":\"https:\/\/pello.eus\/es\/\",\"name\":\"Pello Otxandiano Kanpo\",\"description\":\"Aldatzeko nahia ordezkatu nahi dut. Aspiro a representar el deseo de cambio. EH Bildu candidate for Lehendakari.\",\"publisher\":{\"@id\":\"https:\/\/pello.eus\/es\/#organization\"},\"potentialAction\":[{\"@type\":\"SearchAction\",\"target\":{\"@type\":\"EntryPoint\",\"urlTemplate\":\"https:\/\/pello.eus\/es\/?s={search_term_string}\"},\"query-input\":\"required name=search_term_string\"}],\"inLanguage\":\"es\"},{\"@type\":\"Organization\",\"@id\":\"https:\/\/pello.eus\/es\/#organization\",\"name\":\"Pello Otxandiano Kanpo\",\"url\":\"https:\/\/pello.eus\/es\/\",\"logo\":{\"@type\":\"ImageObject\",\"inLanguage\":\"es\",\"@id\":\"https:\/\/pello.eus\/es\/#\/schema\/logo\/image\/\",\"url\":\"https:\/\/pello.eus\/wp-content\/uploads\/2024\/01\/pello-eus.jpg\",\"contentUrl\":\"https:\/\/pello.eus\/wp-content\/uploads\/2024\/01\/pello-eus.jpg\",\"width\":1920,\"height\":1272,\"caption\":\"Pello Otxandiano Kanpo\"},\"image\":{\"@id\":\"https:\/\/pello.eus\/es\/#\/schema\/logo\/image\/\"},\"sameAs\":[\"https:\/\/www.facebook.com\/p.otxandiano\/\",\"https:\/\/x.com\/PelloOtxandiano\",\"https:\/\/www.tiktok.com\/@pellootxandiano\",\"https:\/\/www.linkedin.com\/in\/pello-otxandiano-kanpo-26b5a8a\/\",\"https:\/\/www.threads.net\/@pellootxandiano\"]},{\"@type\":\"Person\",\"@id\":\"https:\/\/pello.eus\/es\/#\/schema\/person\/186e8bd03e840b05e26815a9e6c02095\",\"name\":\"p.arzanegi\",\"image\":{\"@type\":\"ImageObject\",\"inLanguage\":\"es\",\"@id\":\"https:\/\/pello.eus\/es\/#\/schema\/person\/image\/\",\"url\":\"https:\/\/secure.gravatar.com\/avatar\/62fb854d23b2b5bb9c2b51dce7b35a45?s=96&d=mm&r=g\",\"contentUrl\":\"https:\/\/secure.gravatar.com\/avatar\/62fb854d23b2b5bb9c2b51dce7b35a45?s=96&d=mm&r=g\",\"caption\":\"p.arzanegi\"},\"url\":\"https:\/\/pello.eus\/es\/author\/p-arzanegi\/\"}]}<\/script>\n<!-- \/ Yoast SEO plugin. -->","yoast_head_json":{"title":"El no-Pacto de Salud: mucha tela que cortar - Pello Otxandiano Kanpo","description":"Algo se ha hecho mal en la mesa de salud si todos los sindicatos entienden que el compromiso con la sanidad p\u00fablica no es lo suficientemente claro.","robots":{"index":"index","follow":"follow","max-snippet":"max-snippet:-1","max-image-preview":"max-image-preview:large","max-video-preview":"max-video-preview:-1"},"canonical":"https:\/\/pello.eus\/es\/el-no-pacto-de-salud-mucha-tela-que-cortar\/","og_locale":"es_ES","og_type":"article","og_title":"El no-Pacto de Salud: mucha tela que cortar - Pello Otxandiano Kanpo","og_description":"Algo se ha hecho mal en la mesa de salud si todos los sindicatos entienden que el compromiso con la sanidad p\u00fablica no es lo suficientemente claro.","og_url":"https:\/\/pello.eus\/es\/el-no-pacto-de-salud-mucha-tela-que-cortar\/","og_site_name":"Pello Otxandiano Kanpo","article_publisher":"https:\/\/www.facebook.com\/p.otxandiano\/","article_published_time":"2025-06-29T00:30:00+00:00","article_modified_time":"2025-06-29T07:47:26+00:00","og_image":[{"width":1920,"height":1080,"url":"https:\/\/pello.eus\/wp-content\/uploads\/2025\/06\/20250629_OSAKIDETZA.jpg","type":"image\/jpeg"}],"author":"p.arzanegi","twitter_card":"summary_large_image","twitter_creator":"@PelloOtxandiano","twitter_site":"@PelloOtxandiano","twitter_misc":{"Escrito por":"p.arzanegi","Tiempo de lectura":"7 minutos"},"schema":{"@context":"https:\/\/schema.org","@graph":[{"@type":"Article","@id":"https:\/\/pello.eus\/es\/el-no-pacto-de-salud-mucha-tela-que-cortar\/#article","isPartOf":{"@id":"https:\/\/pello.eus\/es\/el-no-pacto-de-salud-mucha-tela-que-cortar\/"},"author":{"name":"p.arzanegi","@id":"https:\/\/pello.eus\/es\/#\/schema\/person\/186e8bd03e840b05e26815a9e6c02095"},"headline":"El no-Pacto de Salud: mucha tela que cortar","datePublished":"2025-06-29T00:30:00+00:00","dateModified":"2025-06-29T07:47:26+00:00","mainEntityOfPage":{"@id":"https:\/\/pello.eus\/es\/el-no-pacto-de-salud-mucha-tela-que-cortar\/"},"wordCount":1420,"commentCount":0,"publisher":{"@id":"https:\/\/pello.eus\/es\/#organization"},"image":{"@id":"https:\/\/pello.eus\/es\/el-no-pacto-de-salud-mucha-tela-que-cortar\/#primaryimage"},"thumbnailUrl":"https:\/\/pello.eus\/wp-content\/uploads\/2025\/06\/20250629_OSAKIDETZA.jpg","articleSection":["Begiradak"],"inLanguage":"es","potentialAction":[{"@type":"CommentAction","name":"Comment","target":["https:\/\/pello.eus\/es\/el-no-pacto-de-salud-mucha-tela-que-cortar\/#respond"]}]},{"@type":"WebPage","@id":"https:\/\/pello.eus\/es\/el-no-pacto-de-salud-mucha-tela-que-cortar\/","url":"https:\/\/pello.eus\/es\/el-no-pacto-de-salud-mucha-tela-que-cortar\/","name":"El no-Pacto de Salud: mucha tela que cortar - Pello Otxandiano Kanpo","isPartOf":{"@id":"https:\/\/pello.eus\/es\/#website"},"primaryImageOfPage":{"@id":"https:\/\/pello.eus\/es\/el-no-pacto-de-salud-mucha-tela-que-cortar\/#primaryimage"},"image":{"@id":"https:\/\/pello.eus\/es\/el-no-pacto-de-salud-mucha-tela-que-cortar\/#primaryimage"},"thumbnailUrl":"https:\/\/pello.eus\/wp-content\/uploads\/2025\/06\/20250629_OSAKIDETZA.jpg","datePublished":"2025-06-29T00:30:00+00:00","dateModified":"2025-06-29T07:47:26+00:00","description":"Algo se ha hecho mal en la mesa de salud si todos los sindicatos entienden que el compromiso con la sanidad p\u00fablica no es lo suficientemente claro.","breadcrumb":{"@id":"https:\/\/pello.eus\/es\/el-no-pacto-de-salud-mucha-tela-que-cortar\/#breadcrumb"},"inLanguage":"es","potentialAction":[{"@type":"ReadAction","target":["https:\/\/pello.eus\/es\/el-no-pacto-de-salud-mucha-tela-que-cortar\/"]}]},{"@type":"ImageObject","inLanguage":"es","@id":"https:\/\/pello.eus\/es\/el-no-pacto-de-salud-mucha-tela-que-cortar\/#primaryimage","url":"https:\/\/pello.eus\/wp-content\/uploads\/2025\/06\/20250629_OSAKIDETZA.jpg","contentUrl":"https:\/\/pello.eus\/wp-content\/uploads\/2025\/06\/20250629_OSAKIDETZA.jpg","width":1920,"height":1080},{"@type":"BreadcrumbList","@id":"https:\/\/pello.eus\/es\/el-no-pacto-de-salud-mucha-tela-que-cortar\/#breadcrumb","itemListElement":[{"@type":"ListItem","position":1,"name":"Home","item":"https:\/\/pello.eus\/es\/"},{"@type":"ListItem","position":2,"name":"El no-Pacto de Salud: mucha tela que cortar"}]},{"@type":"WebSite","@id":"https:\/\/pello.eus\/es\/#website","url":"https:\/\/pello.eus\/es\/","name":"Pello Otxandiano Kanpo","description":"Aldatzeko nahia ordezkatu nahi dut. Aspiro a representar el deseo de cambio. EH Bildu candidate for Lehendakari.","publisher":{"@id":"https:\/\/pello.eus\/es\/#organization"},"potentialAction":[{"@type":"SearchAction","target":{"@type":"EntryPoint","urlTemplate":"https:\/\/pello.eus\/es\/?s={search_term_string}"},"query-input":"required name=search_term_string"}],"inLanguage":"es"},{"@type":"Organization","@id":"https:\/\/pello.eus\/es\/#organization","name":"Pello Otxandiano Kanpo","url":"https:\/\/pello.eus\/es\/","logo":{"@type":"ImageObject","inLanguage":"es","@id":"https:\/\/pello.eus\/es\/#\/schema\/logo\/image\/","url":"https:\/\/pello.eus\/wp-content\/uploads\/2024\/01\/pello-eus.jpg","contentUrl":"https:\/\/pello.eus\/wp-content\/uploads\/2024\/01\/pello-eus.jpg","width":1920,"height":1272,"caption":"Pello Otxandiano Kanpo"},"image":{"@id":"https:\/\/pello.eus\/es\/#\/schema\/logo\/image\/"},"sameAs":["https:\/\/www.facebook.com\/p.otxandiano\/","https:\/\/x.com\/PelloOtxandiano","https:\/\/www.tiktok.com\/@pellootxandiano","https:\/\/www.linkedin.com\/in\/pello-otxandiano-kanpo-26b5a8a\/","https:\/\/www.threads.net\/@pellootxandiano"]},{"@type":"Person","@id":"https:\/\/pello.eus\/es\/#\/schema\/person\/186e8bd03e840b05e26815a9e6c02095","name":"p.arzanegi","image":{"@type":"ImageObject","inLanguage":"es","@id":"https:\/\/pello.eus\/es\/#\/schema\/person\/image\/","url":"https:\/\/secure.gravatar.com\/avatar\/62fb854d23b2b5bb9c2b51dce7b35a45?s=96&d=mm&r=g","contentUrl":"https:\/\/secure.gravatar.com\/avatar\/62fb854d23b2b5bb9c2b51dce7b35a45?s=96&d=mm&r=g","caption":"p.arzanegi"},"url":"https:\/\/pello.eus\/es\/author\/p-arzanegi\/"}]}},"_links":{"self":[{"href":"https:\/\/pello.eus\/es\/wp-json\/wp\/v2\/posts\/2762"}],"collection":[{"href":"https:\/\/pello.eus\/es\/wp-json\/wp\/v2\/posts"}],"about":[{"href":"https:\/\/pello.eus\/es\/wp-json\/wp\/v2\/types\/post"}],"author":[{"embeddable":true,"href":"https:\/\/pello.eus\/es\/wp-json\/wp\/v2\/users\/4"}],"replies":[{"embeddable":true,"href":"https:\/\/pello.eus\/es\/wp-json\/wp\/v2\/comments?post=2762"}],"version-history":[{"count":8,"href":"https:\/\/pello.eus\/es\/wp-json\/wp\/v2\/posts\/2762\/revisions"}],"predecessor-version":[{"id":2779,"href":"https:\/\/pello.eus\/es\/wp-json\/wp\/v2\/posts\/2762\/revisions\/2779"}],"wp:featuredmedia":[{"embeddable":true,"href":"https:\/\/pello.eus\/es\/wp-json\/wp\/v2\/media\/2771"}],"wp:attachment":[{"href":"https:\/\/pello.eus\/es\/wp-json\/wp\/v2\/media?parent=2762"}],"wp:term":[{"taxonomy":"category","embeddable":true,"href":"https:\/\/pello.eus\/es\/wp-json\/wp\/v2\/categories?post=2762"},{"taxonomy":"post_tag","embeddable":true,"href":"https:\/\/pello.eus\/es\/wp-json\/wp\/v2\/tags?post=2762"}],"curies":[{"name":"wp","href":"https:\/\/api.w.org\/{rel}","templated":true}]}}