{"id":2740,"date":"2025-05-21T10:32:06","date_gmt":"2025-05-21T09:32:06","guid":{"rendered":"https:\/\/pello.eus\/?p=2740"},"modified":"2025-05-21T10:50:24","modified_gmt":"2025-05-21T09:50:24","slug":"el-endeudamiento-es-una-herramienta-eficaz-y-con-gran-potencial","status":"publish","type":"post","link":"https:\/\/pello.eus\/es\/el-endeudamiento-es-una-herramienta-eficaz-y-con-gran-potencial\/","title":{"rendered":"El endeudamiento es una herramienta eficaz y con gran potencial"},"content":{"rendered":"<p><strong>Apoyamos el planteamiento de recurrir al endeudamiento porque creemos que es una herramienta eficaz y con gran potencial. Pero tambi\u00e9n queremos decir con claridad que el Gobierno deber\u00eda tomarse este asunto mucho m\u00e1s en serio: no se puede hacer pol\u00edtica industrial a golpe de titulares.<\/strong><\/p>\n<p> Valoramos positivamente que se recurra al endeudamiento para articular un instrumento financiero que impulse la industria. Es un primer paso en un largo camino en el que deber\u00edamos estar mucho m\u00e1s avanzados, ya que, los instrumentos financieros que posibilitan una pol\u00edtica industrial activa han estado en el pa\u00eds durante los \u00faltimos largos a\u00f1os de gobiernos PNV-PSE. Sin embargo, la m\u00e1xima ideol\u00f3gica que se ha seguido ha sido la de \u201cla mejor pol\u00edtica industrial es la que no se hace\u201d.<\/p>\n<h3><strong> Rehuir anuncios efectistas <\/strong><\/h3>\n<p>Rechazamos la pol\u00edtica basada en la necesidad de realizar anuncios efectistas en t\u00e9rminos medi\u00e1ticos sin la necesaria solidez de las propuestas que se presentan. La alianza financiera es un \u201cprotocolo\u201d que se sostiene \u201ccon pinzas\u201d. A d\u00eda de hoy, no existe una reflexi\u00f3n s\u00f3lida compartida por los diversos actores financieros que pueda poner las bases de un sistema financiero vasco y articular un ecosistema coherente ordenando los muy diversos instrumentos y veh\u00edculos financieros al servicio de una pol\u00edtica industrial de pa\u00eds. En este sentido, llama poderosamente la atenci\u00f3n que, al tiempo que se anuncia la creaci\u00f3n del fondo Indartuz por parte del Instituto Vasco de Finanzas, Kutxabank, pieza fundamental de la alianza financiera, haya presentado su propio fondo denominado Indar Kutxa. A su vez, la previsi\u00f3n de que los 1.000 millones de euros que va a disponer el gobierno en el Fondo Indartuz por medio del endeudamiento van a movilizar 3.000 millones de inversi\u00f3n privada no tiene base contrastable. Es un desider\u00e1tum, y cabr\u00eda preguntarse sobre la conveniencia de anunciar esta cifra de la manera en que se ha hecho. No se puede hacer pol\u00edtica industrial a base de anuncios efectistas.<\/p>\n<h3><strong>Anticipaci\u00f3n y proactividad<\/strong><\/h3>\n<p>Hemos sido cr\u00edticos con la formulaci\u00f3n de iniciativas como la Alianza Financiera o el Grupo en Defensa de la Industria. Las consideramos insuficientes, indefinidas e improvisadas. Y creemos firmemente que no estamos en un momento para la improvisaci\u00f3n: la coyuntura actual exige actuar con visi\u00f3n y con planificaci\u00f3n.<\/p>\n<p>En este sentido, en la reuni\u00f3n mantenida el pasado 15 de abril trasladamos al Lehendakari una propuesta que trazaba prioridades estrat\u00e9gicas para reforzar nuestras capacidades. Entre otras medidas, planteamos la transformaci\u00f3n del Grupo en Defensa de la Industria en un Consejo para el Dise\u00f1o de la Pol\u00edtica Industrial, el paso de la Alianza Financiera a un Fondo Soberano, y la creaci\u00f3n de un \u00f3rgano de prospectiva estrat\u00e9gica y an\u00e1lisis de futuro. <\/p>\n<p>Antes, en el contexto del debate sobre los presupuestos del a\u00f1o 2025, planteamos dos cuestiones que entendemos se corroboran con el paso del tiempo: 1\/ Las previsiones econ\u00f3micas para el ejercicio 2025 nos parec\u00edan excesivamente optimistas; al cabo de pocos meses, hemos terminado hablando de un posible \u201cnuevo momento covid\u201d al hilo de los aranceles de Trump. 2\/ El proyecto de presupuestos otorgaba un margen de actuaci\u00f3n muy escaso ante los retos sociales y econ\u00f3micos que tenemos en frente; hoy debatimos la necesidad de activar 1.000 millones de inversi\u00f3n en la industria y se acaba de cerrar un acuerdo con los sindicatos para fortalecer el sistema educativo con una memoria econ\u00f3mica de 100 millones seg\u00fan el propio Gobierno. Todo indica que seguimos siendo incapaces de adelantar debates, anticipar escenarios y no ir a rebujo de los acontecimientos. Este gobierno sigue teniendo dificultades para funcionar en t\u00e9rminos proactivos. Sigue haci\u00e9ndolo en t\u00e9rminos reactivos.<\/p>\n<h3><strong>Conectar debates y coherentizar pol\u00edticas<\/strong><\/h3>\n<p>Nos encontramos en un nuevo ciclo econ\u00f3mico, ante un mundo nuevo. Ante esta realidad incontestable, el pasado 28 de enero, hicimos un an\u00e1lisis econ\u00f3mico en el Forum Europa. All\u00ed afirmamos que no basta con peque\u00f1os cambios incrementales: es momento de activar transformaciones exponenciales. Y eso requiere tener una clara conciencia del momento hist\u00f3rico, abandonar la ortodoxia neoliberal, asumir un fuerte sentido comunitario y construir una cultura pol\u00edtica capaz de anteponer la visi\u00f3n a largo plazo frente a la inmediatez y la pol\u00edtica de corto alcance.<\/p>\n<p>Tenemos la sensaci\u00f3n de que se est\u00e1n abordando los diferentes debates de car\u00e1cter socioecon\u00f3mico de forma inconexa, sin la necesaria visi\u00f3n global de las cosas: salarios, vivienda, pol\u00edtica industrial, fiscalidad&#8230; no pueden ser debates aislados. Necesitamos una pol\u00edtica coherente, con visi\u00f3n a medio-largo plazo. El ajuste fiscal que se ha aprobado recientemente es buena muestra de lo que no hay que hacer. Este ajuste se ha hecho en el peor de los momentos y de la peor de las maneras. Planteando un debate fiscal excesivamente parcial, centrado en determinadas deducciones y sin atender las cuestiones fundamentales relacionadas con el modelo social y econ\u00f3mico en un momento disruptico como este. Hoy nos endeudamos 1.000 millones y se ha alcanzado un acuerdo en la Comisi\u00f3n Mixta del Concierto Econ\u00f3mico para habilitar la posibilidad de endeudarnos 2.000 millones m\u00e1s. Saludamos que el endeudamiento haya dejado de ser un tab\u00fa. No obstante, hay que hacer un uso inteligente y estrat\u00e9gico de la deuda, y plantear una pol\u00edtica financiera sostenible a medio plazo. M\u00e1s deuda y menos ingresos fiscales (como se prev\u00e9 a ra\u00edz del ajuste fiscal) no es una pol\u00edtica financiera sostenible.<\/p>\n<p> Por tanto, m\u00e1s all\u00e1 de la sesi\u00f3n de ma\u00f1ana, consideramos que el pleno monogr\u00e1fico que se celebrar\u00e1 el pr\u00f3ximo 4 de junio en el Parlamento Vasco ser\u00e1 una buena oportunidad para abrir esa reflexi\u00f3n. Porque estamos convencidos de que este pa\u00eds necesita entablar una conversaci\u00f3n p\u00fablica de altura, con rigor y seriedad, con mirada de largo alcance, sobre su futuro social y econ\u00f3mico. Un debate que, necesariamente, debe tener como eje la justicia social y la solidaridad intergeneracional.<\/p>\n","protected":false},"excerpt":{"rendered":"<p>Apoyamos el planteamiento de recurrir al endeudamiento porque creemos que es una herramienta eficaz y con gran potencial. Pero tambi\u00e9n queremos decir con claridad que el Gobierno deber\u00eda tomarse este asunto mucho m\u00e1s en serio: no se puede hacer pol\u00edtica industrial a golpe de titulares. Valoramos positivamente que se recurra al endeudamiento para articular un [&hellip;]<\/p>\n","protected":false},"author":4,"featured_media":2747,"comment_status":"open","ping_status":"closed","sticky":false,"template":"","format":"standard","meta":{"_acf_changed":false,"footnotes":""},"categories":[4],"tags":[],"acf":[],"yoast_head":"<!-- This site is optimized with the Yoast SEO plugin v22.9 - https:\/\/yoast.com\/wordpress\/plugins\/seo\/ -->\n<title>El endeudamiento es una herramienta eficaz y con gran potencial - Pello Otxandiano Kanpo<\/title>\n<meta name=\"description\" content=\"El Gobierno deber\u00eda tomarse este asunto mucho m\u00e1s en serio: no se puede hacer pol\u00edtica industrial a golpe de titulares.\" \/>\n<meta name=\"robots\" content=\"index, follow, max-snippet:-1, max-image-preview:large, max-video-preview:-1\" \/>\n<link rel=\"canonical\" href=\"https:\/\/pello.eus\/es\/el-endeudamiento-es-una-herramienta-eficaz-y-con-gran-potencial\/\" \/>\n<meta property=\"og:locale\" content=\"es_ES\" \/>\n<meta property=\"og:type\" content=\"article\" \/>\n<meta property=\"og:title\" content=\"El endeudamiento es una herramienta eficaz y con gran potencial - Pello Otxandiano Kanpo\" \/>\n<meta property=\"og:description\" content=\"El Gobierno deber\u00eda tomarse este asunto mucho m\u00e1s en serio: no se puede hacer pol\u00edtica industrial a golpe de titulares.\" \/>\n<meta property=\"og:url\" content=\"https:\/\/pello.eus\/es\/el-endeudamiento-es-una-herramienta-eficaz-y-con-gran-potencial\/\" \/>\n<meta property=\"og:site_name\" content=\"Pello Otxandiano Kanpo\" \/>\n<meta property=\"article:publisher\" content=\"https:\/\/www.facebook.com\/p.otxandiano\/\" \/>\n<meta property=\"article:published_time\" content=\"2025-05-21T09:32:06+00:00\" \/>\n<meta property=\"article:modified_time\" content=\"2025-05-21T09:50:24+00:00\" \/>\n<meta name=\"author\" content=\"p.arzanegi\" \/>\n<meta name=\"twitter:card\" content=\"summary_large_image\" \/>\n<meta name=\"twitter:creator\" content=\"@PelloOtxandiano\" \/>\n<meta name=\"twitter:site\" content=\"@PelloOtxandiano\" \/>\n<meta name=\"twitter:label1\" content=\"Escrito por\" \/>\n\t<meta name=\"twitter:data1\" content=\"p.arzanegi\" \/>\n\t<meta name=\"twitter:label2\" content=\"Tiempo de lectura\" \/>\n\t<meta name=\"twitter:data2\" content=\"5 minutos\" \/>\n<script type=\"application\/ld+json\" class=\"yoast-schema-graph\">{\"@context\":\"https:\/\/schema.org\",\"@graph\":[{\"@type\":\"Article\",\"@id\":\"https:\/\/pello.eus\/es\/el-endeudamiento-es-una-herramienta-eficaz-y-con-gran-potencial\/#article\",\"isPartOf\":{\"@id\":\"https:\/\/pello.eus\/es\/el-endeudamiento-es-una-herramienta-eficaz-y-con-gran-potencial\/\"},\"author\":{\"name\":\"p.arzanegi\",\"@id\":\"https:\/\/pello.eus\/es\/#\/schema\/person\/186e8bd03e840b05e26815a9e6c02095\"},\"headline\":\"El endeudamiento es una herramienta eficaz y con gran potencial\",\"datePublished\":\"2025-05-21T09:32:06+00:00\",\"dateModified\":\"2025-05-21T09:50:24+00:00\",\"mainEntityOfPage\":{\"@id\":\"https:\/\/pello.eus\/es\/el-endeudamiento-es-una-herramienta-eficaz-y-con-gran-potencial\/\"},\"wordCount\":1034,\"commentCount\":0,\"publisher\":{\"@id\":\"https:\/\/pello.eus\/es\/#organization\"},\"image\":{\"@id\":\"https:\/\/pello.eus\/es\/el-endeudamiento-es-una-herramienta-eficaz-y-con-gran-potencial\/#primaryimage\"},\"thumbnailUrl\":\"https:\/\/pello.eus\/wp-content\/uploads\/2025\/05\/20250521.jpg\",\"articleSection\":[\"Begiradak\"],\"inLanguage\":\"es\",\"potentialAction\":[{\"@type\":\"CommentAction\",\"name\":\"Comment\",\"target\":[\"https:\/\/pello.eus\/es\/el-endeudamiento-es-una-herramienta-eficaz-y-con-gran-potencial\/#respond\"]}]},{\"@type\":\"WebPage\",\"@id\":\"https:\/\/pello.eus\/es\/el-endeudamiento-es-una-herramienta-eficaz-y-con-gran-potencial\/\",\"url\":\"https:\/\/pello.eus\/es\/el-endeudamiento-es-una-herramienta-eficaz-y-con-gran-potencial\/\",\"name\":\"El endeudamiento es una herramienta eficaz y con gran potencial - Pello Otxandiano Kanpo\",\"isPartOf\":{\"@id\":\"https:\/\/pello.eus\/es\/#website\"},\"primaryImageOfPage\":{\"@id\":\"https:\/\/pello.eus\/es\/el-endeudamiento-es-una-herramienta-eficaz-y-con-gran-potencial\/#primaryimage\"},\"image\":{\"@id\":\"https:\/\/pello.eus\/es\/el-endeudamiento-es-una-herramienta-eficaz-y-con-gran-potencial\/#primaryimage\"},\"thumbnailUrl\":\"https:\/\/pello.eus\/wp-content\/uploads\/2025\/05\/20250521.jpg\",\"datePublished\":\"2025-05-21T09:32:06+00:00\",\"dateModified\":\"2025-05-21T09:50:24+00:00\",\"description\":\"El Gobierno deber\u00eda tomarse este asunto mucho m\u00e1s en serio: no se puede hacer pol\u00edtica industrial a golpe de titulares.\",\"breadcrumb\":{\"@id\":\"https:\/\/pello.eus\/es\/el-endeudamiento-es-una-herramienta-eficaz-y-con-gran-potencial\/#breadcrumb\"},\"inLanguage\":\"es\",\"potentialAction\":[{\"@type\":\"ReadAction\",\"target\":[\"https:\/\/pello.eus\/es\/el-endeudamiento-es-una-herramienta-eficaz-y-con-gran-potencial\/\"]}]},{\"@type\":\"ImageObject\",\"inLanguage\":\"es\",\"@id\":\"https:\/\/pello.eus\/es\/el-endeudamiento-es-una-herramienta-eficaz-y-con-gran-potencial\/#primaryimage\",\"url\":\"https:\/\/pello.eus\/wp-content\/uploads\/2025\/05\/20250521.jpg\",\"contentUrl\":\"https:\/\/pello.eus\/wp-content\/uploads\/2025\/05\/20250521.jpg\",\"width\":1920,\"height\":1080},{\"@type\":\"BreadcrumbList\",\"@id\":\"https:\/\/pello.eus\/es\/el-endeudamiento-es-una-herramienta-eficaz-y-con-gran-potencial\/#breadcrumb\",\"itemListElement\":[{\"@type\":\"ListItem\",\"position\":1,\"name\":\"Home\",\"item\":\"https:\/\/pello.eus\/es\/\"},{\"@type\":\"ListItem\",\"position\":2,\"name\":\"El endeudamiento es una herramienta eficaz y con gran potencial\"}]},{\"@type\":\"WebSite\",\"@id\":\"https:\/\/pello.eus\/es\/#website\",\"url\":\"https:\/\/pello.eus\/es\/\",\"name\":\"Pello Otxandiano Kanpo\",\"description\":\"Aldatzeko nahia ordezkatu nahi dut. Aspiro a representar el deseo de cambio. EH Bildu candidate for Lehendakari.\",\"publisher\":{\"@id\":\"https:\/\/pello.eus\/es\/#organization\"},\"potentialAction\":[{\"@type\":\"SearchAction\",\"target\":{\"@type\":\"EntryPoint\",\"urlTemplate\":\"https:\/\/pello.eus\/es\/?s={search_term_string}\"},\"query-input\":\"required name=search_term_string\"}],\"inLanguage\":\"es\"},{\"@type\":\"Organization\",\"@id\":\"https:\/\/pello.eus\/es\/#organization\",\"name\":\"Pello Otxandiano Kanpo\",\"url\":\"https:\/\/pello.eus\/es\/\",\"logo\":{\"@type\":\"ImageObject\",\"inLanguage\":\"es\",\"@id\":\"https:\/\/pello.eus\/es\/#\/schema\/logo\/image\/\",\"url\":\"https:\/\/pello.eus\/wp-content\/uploads\/2024\/01\/pello-eus.jpg\",\"contentUrl\":\"https:\/\/pello.eus\/wp-content\/uploads\/2024\/01\/pello-eus.jpg\",\"width\":1920,\"height\":1272,\"caption\":\"Pello Otxandiano Kanpo\"},\"image\":{\"@id\":\"https:\/\/pello.eus\/es\/#\/schema\/logo\/image\/\"},\"sameAs\":[\"https:\/\/www.facebook.com\/p.otxandiano\/\",\"https:\/\/x.com\/PelloOtxandiano\",\"https:\/\/www.tiktok.com\/@pellootxandiano\",\"https:\/\/www.linkedin.com\/in\/pello-otxandiano-kanpo-26b5a8a\/\",\"https:\/\/www.threads.net\/@pellootxandiano\"]},{\"@type\":\"Person\",\"@id\":\"https:\/\/pello.eus\/es\/#\/schema\/person\/186e8bd03e840b05e26815a9e6c02095\",\"name\":\"p.arzanegi\",\"image\":{\"@type\":\"ImageObject\",\"inLanguage\":\"es\",\"@id\":\"https:\/\/pello.eus\/es\/#\/schema\/person\/image\/\",\"url\":\"https:\/\/secure.gravatar.com\/avatar\/62fb854d23b2b5bb9c2b51dce7b35a45?s=96&d=mm&r=g\",\"contentUrl\":\"https:\/\/secure.gravatar.com\/avatar\/62fb854d23b2b5bb9c2b51dce7b35a45?s=96&d=mm&r=g\",\"caption\":\"p.arzanegi\"},\"url\":\"https:\/\/pello.eus\/es\/author\/p-arzanegi\/\"}]}<\/script>\n<!-- \/ Yoast SEO plugin. -->","yoast_head_json":{"title":"El endeudamiento es una herramienta eficaz y con gran potencial - Pello Otxandiano Kanpo","description":"El Gobierno deber\u00eda tomarse este asunto mucho m\u00e1s en serio: no se puede hacer pol\u00edtica industrial a golpe de titulares.","robots":{"index":"index","follow":"follow","max-snippet":"max-snippet:-1","max-image-preview":"max-image-preview:large","max-video-preview":"max-video-preview:-1"},"canonical":"https:\/\/pello.eus\/es\/el-endeudamiento-es-una-herramienta-eficaz-y-con-gran-potencial\/","og_locale":"es_ES","og_type":"article","og_title":"El endeudamiento es una herramienta eficaz y con gran potencial - Pello Otxandiano Kanpo","og_description":"El Gobierno deber\u00eda tomarse este asunto mucho m\u00e1s en serio: no se puede hacer pol\u00edtica industrial a golpe de titulares.","og_url":"https:\/\/pello.eus\/es\/el-endeudamiento-es-una-herramienta-eficaz-y-con-gran-potencial\/","og_site_name":"Pello Otxandiano Kanpo","article_publisher":"https:\/\/www.facebook.com\/p.otxandiano\/","article_published_time":"2025-05-21T09:32:06+00:00","article_modified_time":"2025-05-21T09:50:24+00:00","author":"p.arzanegi","twitter_card":"summary_large_image","twitter_creator":"@PelloOtxandiano","twitter_site":"@PelloOtxandiano","twitter_misc":{"Escrito por":"p.arzanegi","Tiempo de lectura":"5 minutos"},"schema":{"@context":"https:\/\/schema.org","@graph":[{"@type":"Article","@id":"https:\/\/pello.eus\/es\/el-endeudamiento-es-una-herramienta-eficaz-y-con-gran-potencial\/#article","isPartOf":{"@id":"https:\/\/pello.eus\/es\/el-endeudamiento-es-una-herramienta-eficaz-y-con-gran-potencial\/"},"author":{"name":"p.arzanegi","@id":"https:\/\/pello.eus\/es\/#\/schema\/person\/186e8bd03e840b05e26815a9e6c02095"},"headline":"El endeudamiento es una herramienta eficaz y con gran potencial","datePublished":"2025-05-21T09:32:06+00:00","dateModified":"2025-05-21T09:50:24+00:00","mainEntityOfPage":{"@id":"https:\/\/pello.eus\/es\/el-endeudamiento-es-una-herramienta-eficaz-y-con-gran-potencial\/"},"wordCount":1034,"commentCount":0,"publisher":{"@id":"https:\/\/pello.eus\/es\/#organization"},"image":{"@id":"https:\/\/pello.eus\/es\/el-endeudamiento-es-una-herramienta-eficaz-y-con-gran-potencial\/#primaryimage"},"thumbnailUrl":"https:\/\/pello.eus\/wp-content\/uploads\/2025\/05\/20250521.jpg","articleSection":["Begiradak"],"inLanguage":"es","potentialAction":[{"@type":"CommentAction","name":"Comment","target":["https:\/\/pello.eus\/es\/el-endeudamiento-es-una-herramienta-eficaz-y-con-gran-potencial\/#respond"]}]},{"@type":"WebPage","@id":"https:\/\/pello.eus\/es\/el-endeudamiento-es-una-herramienta-eficaz-y-con-gran-potencial\/","url":"https:\/\/pello.eus\/es\/el-endeudamiento-es-una-herramienta-eficaz-y-con-gran-potencial\/","name":"El endeudamiento es una herramienta eficaz y con gran potencial - Pello Otxandiano Kanpo","isPartOf":{"@id":"https:\/\/pello.eus\/es\/#website"},"primaryImageOfPage":{"@id":"https:\/\/pello.eus\/es\/el-endeudamiento-es-una-herramienta-eficaz-y-con-gran-potencial\/#primaryimage"},"image":{"@id":"https:\/\/pello.eus\/es\/el-endeudamiento-es-una-herramienta-eficaz-y-con-gran-potencial\/#primaryimage"},"thumbnailUrl":"https:\/\/pello.eus\/wp-content\/uploads\/2025\/05\/20250521.jpg","datePublished":"2025-05-21T09:32:06+00:00","dateModified":"2025-05-21T09:50:24+00:00","description":"El Gobierno deber\u00eda tomarse este asunto mucho m\u00e1s en serio: no se puede hacer pol\u00edtica industrial a golpe de titulares.","breadcrumb":{"@id":"https:\/\/pello.eus\/es\/el-endeudamiento-es-una-herramienta-eficaz-y-con-gran-potencial\/#breadcrumb"},"inLanguage":"es","potentialAction":[{"@type":"ReadAction","target":["https:\/\/pello.eus\/es\/el-endeudamiento-es-una-herramienta-eficaz-y-con-gran-potencial\/"]}]},{"@type":"ImageObject","inLanguage":"es","@id":"https:\/\/pello.eus\/es\/el-endeudamiento-es-una-herramienta-eficaz-y-con-gran-potencial\/#primaryimage","url":"https:\/\/pello.eus\/wp-content\/uploads\/2025\/05\/20250521.jpg","contentUrl":"https:\/\/pello.eus\/wp-content\/uploads\/2025\/05\/20250521.jpg","width":1920,"height":1080},{"@type":"BreadcrumbList","@id":"https:\/\/pello.eus\/es\/el-endeudamiento-es-una-herramienta-eficaz-y-con-gran-potencial\/#breadcrumb","itemListElement":[{"@type":"ListItem","position":1,"name":"Home","item":"https:\/\/pello.eus\/es\/"},{"@type":"ListItem","position":2,"name":"El endeudamiento es una herramienta eficaz y con gran potencial"}]},{"@type":"WebSite","@id":"https:\/\/pello.eus\/es\/#website","url":"https:\/\/pello.eus\/es\/","name":"Pello Otxandiano Kanpo","description":"Aldatzeko nahia ordezkatu nahi dut. Aspiro a representar el deseo de cambio. EH Bildu candidate for Lehendakari.","publisher":{"@id":"https:\/\/pello.eus\/es\/#organization"},"potentialAction":[{"@type":"SearchAction","target":{"@type":"EntryPoint","urlTemplate":"https:\/\/pello.eus\/es\/?s={search_term_string}"},"query-input":"required name=search_term_string"}],"inLanguage":"es"},{"@type":"Organization","@id":"https:\/\/pello.eus\/es\/#organization","name":"Pello Otxandiano Kanpo","url":"https:\/\/pello.eus\/es\/","logo":{"@type":"ImageObject","inLanguage":"es","@id":"https:\/\/pello.eus\/es\/#\/schema\/logo\/image\/","url":"https:\/\/pello.eus\/wp-content\/uploads\/2024\/01\/pello-eus.jpg","contentUrl":"https:\/\/pello.eus\/wp-content\/uploads\/2024\/01\/pello-eus.jpg","width":1920,"height":1272,"caption":"Pello Otxandiano Kanpo"},"image":{"@id":"https:\/\/pello.eus\/es\/#\/schema\/logo\/image\/"},"sameAs":["https:\/\/www.facebook.com\/p.otxandiano\/","https:\/\/x.com\/PelloOtxandiano","https:\/\/www.tiktok.com\/@pellootxandiano","https:\/\/www.linkedin.com\/in\/pello-otxandiano-kanpo-26b5a8a\/","https:\/\/www.threads.net\/@pellootxandiano"]},{"@type":"Person","@id":"https:\/\/pello.eus\/es\/#\/schema\/person\/186e8bd03e840b05e26815a9e6c02095","name":"p.arzanegi","image":{"@type":"ImageObject","inLanguage":"es","@id":"https:\/\/pello.eus\/es\/#\/schema\/person\/image\/","url":"https:\/\/secure.gravatar.com\/avatar\/62fb854d23b2b5bb9c2b51dce7b35a45?s=96&d=mm&r=g","contentUrl":"https:\/\/secure.gravatar.com\/avatar\/62fb854d23b2b5bb9c2b51dce7b35a45?s=96&d=mm&r=g","caption":"p.arzanegi"},"url":"https:\/\/pello.eus\/es\/author\/p-arzanegi\/"}]}},"_links":{"self":[{"href":"https:\/\/pello.eus\/es\/wp-json\/wp\/v2\/posts\/2740"}],"collection":[{"href":"https:\/\/pello.eus\/es\/wp-json\/wp\/v2\/posts"}],"about":[{"href":"https:\/\/pello.eus\/es\/wp-json\/wp\/v2\/types\/post"}],"author":[{"embeddable":true,"href":"https:\/\/pello.eus\/es\/wp-json\/wp\/v2\/users\/4"}],"replies":[{"embeddable":true,"href":"https:\/\/pello.eus\/es\/wp-json\/wp\/v2\/comments?post=2740"}],"version-history":[{"count":5,"href":"https:\/\/pello.eus\/es\/wp-json\/wp\/v2\/posts\/2740\/revisions"}],"predecessor-version":[{"id":2745,"href":"https:\/\/pello.eus\/es\/wp-json\/wp\/v2\/posts\/2740\/revisions\/2745"}],"wp:featuredmedia":[{"embeddable":true,"href":"https:\/\/pello.eus\/es\/wp-json\/wp\/v2\/media\/2747"}],"wp:attachment":[{"href":"https:\/\/pello.eus\/es\/wp-json\/wp\/v2\/media?parent=2740"}],"wp:term":[{"taxonomy":"category","embeddable":true,"href":"https:\/\/pello.eus\/es\/wp-json\/wp\/v2\/categories?post=2740"},{"taxonomy":"post_tag","embeddable":true,"href":"https:\/\/pello.eus\/es\/wp-json\/wp\/v2\/tags?post=2740"}],"curies":[{"name":"wp","href":"https:\/\/api.w.org\/{rel}","templated":true}]}}