{"id":2705,"date":"2025-04-15T11:48:57","date_gmt":"2025-04-15T10:48:57","guid":{"rendered":"https:\/\/pello.eus\/prioridades-estrategicas-para-reforzar-nuestras-capacidades\/"},"modified":"2025-04-15T12:01:40","modified_gmt":"2025-04-15T11:01:40","slug":"prioridades-estrategicas-para-reforzar-nuestras-capacidades","status":"publish","type":"post","link":"https:\/\/pello.eus\/es\/prioridades-estrategicas-para-reforzar-nuestras-capacidades\/","title":{"rendered":"Prioridades estrat\u00e9gicas para reforzar nuestras capacidades"},"content":{"rendered":"\n<p>En la reuni\u00f3n mantenida con el Lehendakari, en primer lugar, le tendimos nuestra mano para adoptar las medidas urgentes ante cualquier tipo de crisis econ\u00f3mica, siempre con el objetivo de ayudar a los sectores econ\u00f3micos m\u00e1s desfavorecidos y a los ciudadanos m\u00e1s vulnerables.\r\n<\/p>\n\n\n\n<p>En segundo lugar, trasladamos que en las ayudas anunciadas por el Gobierno Vasco se observan las siguientes deficiencias:<\/p>\n\n\n\n<ol>\n<li>Llama la atenci\u00f3n que cuando la clave es ofrecer diversificaci\u00f3n en la internacionalizaci\u00f3n, comparativamente se ofrezca tan poco.\r\n<\/li>\n\n\n\n<li>Que no se plantea la reubicaci\u00f3n de algunas cadenas de actividad y suministro.<\/li>\n\n\n\n<li>Que no se plantean condicionantes sobre ayudas y avales (arraigo, descarbonizaci\u00f3n, condiciones de trabajo\u2026).\r\n<\/li>\n\n\n\n<li>Y que no se aprovecha la capacidad tractora de la contrataci\u00f3n p\u00fablica.<\/li>\n<\/ol>\n\n\n\n<p><\/p>\n\n\n\n<p>En las pr\u00f3ximas semanas, EH Bildu har\u00e1 propuestas concretas en cada uno de estos cinco cap\u00edtulos para que la reacci\u00f3n que demanda la posible aplicaci\u00f3n de los aranceles de Trump sea la m\u00e1s eficaz posible.\r\n<\/p>\n\n\n\n<p>En segundo lugar, le trasladamos que, adem\u00e1s de las pol\u00edticas a corto plazo, m\u00e1s all\u00e1 de un enfoque reactivo, necesitamos una visi\u00f3n s\u00f3lida de largo alcance. Y para ello, EH Bildu presenta cinco prioridades estrat\u00e9gicas con el objetivo de reforzar estas competencias, junto con la voluntad de corresponsabilizarse con el momento hist\u00f3rico a trav\u00e9s de un modelo de gobernanza que priorice la cooperaci\u00f3n y la ambici\u00f3n transformadora:<\/p>\n\n\n\n<ol>\n<li>Transformaci\u00f3n del Grupo de Defensa de la Industria en Consejo para el Dise\u00f1o de la Pol\u00edtica Industrial<\/li>\n\n\n\n<li>De la Alianza Financiera al Fondo Soberano<\/li>\n\n\n\n<li>Creaci\u00f3n de un \u00f3rgano de prospectiva y an\u00e1lisis de futuro<\/li>\n\n\n\n<li>Pacto social por la soberan\u00eda energ\u00e9tica<\/li>\n\n\n\n<li>Fondo de inversi\u00f3n para garantizar el derecho a la vivienda<\/li>\n<\/ol>\n\n\n\n<p><\/p>\n\n\n\n<p>A continuaci\u00f3n, el documento que hemos hecho llegar al Gobierno Vasco.<\/p>\n\n\n\n<p><\/p>\n\n\n\n<p><\/p>\n\n\n\n<div data-wp-interactive=\"\" class=\"wp-block-file\"><object data-wp-bind--hidden=\"!selectors.core.file.hasPdfPreview\" hidden class=\"wp-block-file__embed\" data=\"https:\/\/pello.eus\/wp-content\/uploads\/2025\/04\/Prioridades-estrategicas-para-el-fortalecimiento-de-nuestras-capacidades.pdf\" type=\"application\/pdf\" style=\"width:100%;height:600px\" aria-label=\"Incrustado de Prioridades-estrategicas-para-el-fortalecimiento-de-nuestras-capacidades.\"><\/object><a id=\"wp-block-file--media-d8c8118d-e9f3-415b-a178-e0ae7a6e58e4\" href=\"https:\/\/pello.eus\/wp-content\/uploads\/2025\/04\/Prioridades-estrategicas-para-el-fortalecimiento-de-nuestras-capacidades.pdf\">Prioridades-estrategicas-para-el-fortalecimiento-de-nuestras-capacidades<\/a><a href=\"https:\/\/pello.eus\/wp-content\/uploads\/2025\/04\/Prioridades-estrategicas-para-el-fortalecimiento-de-nuestras-capacidades.pdf\" class=\"wp-block-file__button wp-element-button\" download aria-describedby=\"wp-block-file--media-d8c8118d-e9f3-415b-a178-e0ae7a6e58e4\">Descargar<\/a><\/div>\n","protected":false},"excerpt":{"rendered":"<p>En la reuni\u00f3n mantenida con el Lehendakari, en primer lugar, le tendimos nuestra mano para adoptar las medidas urgentes ante cualquier tipo de crisis econ\u00f3mica, siempre con el objetivo de ayudar a los sectores econ\u00f3micos m\u00e1s desfavorecidos y a los ciudadanos m\u00e1s vulnerables. En segundo lugar, trasladamos que en las ayudas anunciadas por el Gobierno [&hellip;]<\/p>\n","protected":false},"author":4,"featured_media":2683,"comment_status":"open","ping_status":"closed","sticky":false,"template":"","format":"standard","meta":{"_acf_changed":false,"footnotes":""},"categories":[4],"tags":[],"acf":[],"yoast_head":"<!-- This site is optimized with the Yoast SEO plugin v22.9 - https:\/\/yoast.com\/wordpress\/plugins\/seo\/ -->\n<title>Prioridades estrat\u00e9gicas para reforzar nuestras capacidades - Pello Otxandiano Kanpo<\/title>\n<meta name=\"description\" content=\"No basta con reaccionar, tenemos que activar nuestras capacidades y fortalezas para garantizar un futuro pr\u00f3spero. Cooperaci\u00f3n y ambici\u00f3n transformadora.\" \/>\n<meta name=\"robots\" content=\"index, follow, max-snippet:-1, max-image-preview:large, max-video-preview:-1\" \/>\n<link rel=\"canonical\" href=\"https:\/\/pello.eus\/es\/prioridades-estrategicas-para-reforzar-nuestras-capacidades\/\" \/>\n<meta property=\"og:locale\" content=\"es_ES\" \/>\n<meta property=\"og:type\" content=\"article\" \/>\n<meta property=\"og:title\" content=\"Prioridades estrat\u00e9gicas para reforzar nuestras capacidades - Pello Otxandiano Kanpo\" \/>\n<meta property=\"og:description\" content=\"No basta con reaccionar, tenemos que activar nuestras capacidades y fortalezas para garantizar un futuro pr\u00f3spero. Cooperaci\u00f3n y ambici\u00f3n transformadora.\" \/>\n<meta property=\"og:url\" content=\"https:\/\/pello.eus\/es\/prioridades-estrategicas-para-reforzar-nuestras-capacidades\/\" \/>\n<meta property=\"og:site_name\" content=\"Pello Otxandiano Kanpo\" \/>\n<meta property=\"article:publisher\" content=\"https:\/\/www.facebook.com\/p.otxandiano\/\" \/>\n<meta property=\"article:published_time\" content=\"2025-04-15T10:48:57+00:00\" \/>\n<meta property=\"article:modified_time\" content=\"2025-04-15T11:01:40+00:00\" \/>\n<meta property=\"og:image\" content=\"https:\/\/pello.eus\/wp-content\/uploads\/2025\/04\/PO20250513-1-scaled.jpg\" \/>\n\t<meta property=\"og:image:width\" content=\"2560\" \/>\n\t<meta property=\"og:image:height\" content=\"1459\" \/>\n\t<meta property=\"og:image:type\" content=\"image\/jpeg\" \/>\n<meta name=\"author\" content=\"p.arzanegi\" \/>\n<meta name=\"twitter:card\" content=\"summary_large_image\" \/>\n<meta name=\"twitter:creator\" content=\"@PelloOtxandiano\" \/>\n<meta name=\"twitter:site\" content=\"@PelloOtxandiano\" \/>\n<meta name=\"twitter:label1\" content=\"Escrito por\" \/>\n\t<meta name=\"twitter:data1\" content=\"p.arzanegi\" \/>\n\t<meta name=\"twitter:label2\" content=\"Tiempo de lectura\" \/>\n\t<meta name=\"twitter:data2\" content=\"2 minutos\" \/>\n<script type=\"application\/ld+json\" class=\"yoast-schema-graph\">{\"@context\":\"https:\/\/schema.org\",\"@graph\":[{\"@type\":\"Article\",\"@id\":\"https:\/\/pello.eus\/es\/prioridades-estrategicas-para-reforzar-nuestras-capacidades\/#article\",\"isPartOf\":{\"@id\":\"https:\/\/pello.eus\/es\/prioridades-estrategicas-para-reforzar-nuestras-capacidades\/\"},\"author\":{\"name\":\"p.arzanegi\",\"@id\":\"https:\/\/pello.eus\/es\/#\/schema\/person\/186e8bd03e840b05e26815a9e6c02095\"},\"headline\":\"Prioridades estrat\u00e9gicas para reforzar nuestras capacidades\",\"datePublished\":\"2025-04-15T10:48:57+00:00\",\"dateModified\":\"2025-04-15T11:01:40+00:00\",\"mainEntityOfPage\":{\"@id\":\"https:\/\/pello.eus\/es\/prioridades-estrategicas-para-reforzar-nuestras-capacidades\/\"},\"wordCount\":326,\"commentCount\":0,\"publisher\":{\"@id\":\"https:\/\/pello.eus\/es\/#organization\"},\"image\":{\"@id\":\"https:\/\/pello.eus\/es\/prioridades-estrategicas-para-reforzar-nuestras-capacidades\/#primaryimage\"},\"thumbnailUrl\":\"https:\/\/pello.eus\/wp-content\/uploads\/2025\/04\/PO20250513-1-scaled.jpg\",\"articleSection\":[\"Begiradak\"],\"inLanguage\":\"es\",\"potentialAction\":[{\"@type\":\"CommentAction\",\"name\":\"Comment\",\"target\":[\"https:\/\/pello.eus\/es\/prioridades-estrategicas-para-reforzar-nuestras-capacidades\/#respond\"]}]},{\"@type\":\"WebPage\",\"@id\":\"https:\/\/pello.eus\/es\/prioridades-estrategicas-para-reforzar-nuestras-capacidades\/\",\"url\":\"https:\/\/pello.eus\/es\/prioridades-estrategicas-para-reforzar-nuestras-capacidades\/\",\"name\":\"Prioridades estrat\u00e9gicas para reforzar nuestras capacidades - Pello Otxandiano Kanpo\",\"isPartOf\":{\"@id\":\"https:\/\/pello.eus\/es\/#website\"},\"primaryImageOfPage\":{\"@id\":\"https:\/\/pello.eus\/es\/prioridades-estrategicas-para-reforzar-nuestras-capacidades\/#primaryimage\"},\"image\":{\"@id\":\"https:\/\/pello.eus\/es\/prioridades-estrategicas-para-reforzar-nuestras-capacidades\/#primaryimage\"},\"thumbnailUrl\":\"https:\/\/pello.eus\/wp-content\/uploads\/2025\/04\/PO20250513-1-scaled.jpg\",\"datePublished\":\"2025-04-15T10:48:57+00:00\",\"dateModified\":\"2025-04-15T11:01:40+00:00\",\"description\":\"No basta con reaccionar, tenemos que activar nuestras capacidades y fortalezas para garantizar un futuro pr\u00f3spero. Cooperaci\u00f3n y ambici\u00f3n transformadora.\",\"breadcrumb\":{\"@id\":\"https:\/\/pello.eus\/es\/prioridades-estrategicas-para-reforzar-nuestras-capacidades\/#breadcrumb\"},\"inLanguage\":\"es\",\"potentialAction\":[{\"@type\":\"ReadAction\",\"target\":[\"https:\/\/pello.eus\/es\/prioridades-estrategicas-para-reforzar-nuestras-capacidades\/\"]}]},{\"@type\":\"ImageObject\",\"inLanguage\":\"es\",\"@id\":\"https:\/\/pello.eus\/es\/prioridades-estrategicas-para-reforzar-nuestras-capacidades\/#primaryimage\",\"url\":\"https:\/\/pello.eus\/wp-content\/uploads\/2025\/04\/PO20250513-1-scaled.jpg\",\"contentUrl\":\"https:\/\/pello.eus\/wp-content\/uploads\/2025\/04\/PO20250513-1-scaled.jpg\",\"width\":2560,\"height\":1459},{\"@type\":\"BreadcrumbList\",\"@id\":\"https:\/\/pello.eus\/es\/prioridades-estrategicas-para-reforzar-nuestras-capacidades\/#breadcrumb\",\"itemListElement\":[{\"@type\":\"ListItem\",\"position\":1,\"name\":\"Home\",\"item\":\"https:\/\/pello.eus\/es\/\"},{\"@type\":\"ListItem\",\"position\":2,\"name\":\"Prioridades estrat\u00e9gicas para reforzar nuestras capacidades\"}]},{\"@type\":\"WebSite\",\"@id\":\"https:\/\/pello.eus\/es\/#website\",\"url\":\"https:\/\/pello.eus\/es\/\",\"name\":\"Pello Otxandiano Kanpo\",\"description\":\"Aldatzeko nahia ordezkatu nahi dut. Aspiro a representar el deseo de cambio. EH Bildu candidate for Lehendakari.\",\"publisher\":{\"@id\":\"https:\/\/pello.eus\/es\/#organization\"},\"potentialAction\":[{\"@type\":\"SearchAction\",\"target\":{\"@type\":\"EntryPoint\",\"urlTemplate\":\"https:\/\/pello.eus\/es\/?s={search_term_string}\"},\"query-input\":\"required name=search_term_string\"}],\"inLanguage\":\"es\"},{\"@type\":\"Organization\",\"@id\":\"https:\/\/pello.eus\/es\/#organization\",\"name\":\"Pello Otxandiano Kanpo\",\"url\":\"https:\/\/pello.eus\/es\/\",\"logo\":{\"@type\":\"ImageObject\",\"inLanguage\":\"es\",\"@id\":\"https:\/\/pello.eus\/es\/#\/schema\/logo\/image\/\",\"url\":\"https:\/\/pello.eus\/wp-content\/uploads\/2024\/01\/pello-eus.jpg\",\"contentUrl\":\"https:\/\/pello.eus\/wp-content\/uploads\/2024\/01\/pello-eus.jpg\",\"width\":1920,\"height\":1272,\"caption\":\"Pello Otxandiano Kanpo\"},\"image\":{\"@id\":\"https:\/\/pello.eus\/es\/#\/schema\/logo\/image\/\"},\"sameAs\":[\"https:\/\/www.facebook.com\/p.otxandiano\/\",\"https:\/\/x.com\/PelloOtxandiano\",\"https:\/\/www.tiktok.com\/@pellootxandiano\",\"https:\/\/www.linkedin.com\/in\/pello-otxandiano-kanpo-26b5a8a\/\",\"https:\/\/www.threads.net\/@pellootxandiano\"]},{\"@type\":\"Person\",\"@id\":\"https:\/\/pello.eus\/es\/#\/schema\/person\/186e8bd03e840b05e26815a9e6c02095\",\"name\":\"p.arzanegi\",\"image\":{\"@type\":\"ImageObject\",\"inLanguage\":\"es\",\"@id\":\"https:\/\/pello.eus\/es\/#\/schema\/person\/image\/\",\"url\":\"https:\/\/secure.gravatar.com\/avatar\/62fb854d23b2b5bb9c2b51dce7b35a45?s=96&d=mm&r=g\",\"contentUrl\":\"https:\/\/secure.gravatar.com\/avatar\/62fb854d23b2b5bb9c2b51dce7b35a45?s=96&d=mm&r=g\",\"caption\":\"p.arzanegi\"},\"url\":\"https:\/\/pello.eus\/es\/author\/p-arzanegi\/\"}]}<\/script>\n<!-- \/ Yoast SEO plugin. -->","yoast_head_json":{"title":"Prioridades estrat\u00e9gicas para reforzar nuestras capacidades - Pello Otxandiano Kanpo","description":"No basta con reaccionar, tenemos que activar nuestras capacidades y fortalezas para garantizar un futuro pr\u00f3spero. Cooperaci\u00f3n y ambici\u00f3n transformadora.","robots":{"index":"index","follow":"follow","max-snippet":"max-snippet:-1","max-image-preview":"max-image-preview:large","max-video-preview":"max-video-preview:-1"},"canonical":"https:\/\/pello.eus\/es\/prioridades-estrategicas-para-reforzar-nuestras-capacidades\/","og_locale":"es_ES","og_type":"article","og_title":"Prioridades estrat\u00e9gicas para reforzar nuestras capacidades - Pello Otxandiano Kanpo","og_description":"No basta con reaccionar, tenemos que activar nuestras capacidades y fortalezas para garantizar un futuro pr\u00f3spero. Cooperaci\u00f3n y ambici\u00f3n transformadora.","og_url":"https:\/\/pello.eus\/es\/prioridades-estrategicas-para-reforzar-nuestras-capacidades\/","og_site_name":"Pello Otxandiano Kanpo","article_publisher":"https:\/\/www.facebook.com\/p.otxandiano\/","article_published_time":"2025-04-15T10:48:57+00:00","article_modified_time":"2025-04-15T11:01:40+00:00","og_image":[{"width":2560,"height":1459,"url":"https:\/\/pello.eus\/wp-content\/uploads\/2025\/04\/PO20250513-1-scaled.jpg","type":"image\/jpeg"}],"author":"p.arzanegi","twitter_card":"summary_large_image","twitter_creator":"@PelloOtxandiano","twitter_site":"@PelloOtxandiano","twitter_misc":{"Escrito por":"p.arzanegi","Tiempo de lectura":"2 minutos"},"schema":{"@context":"https:\/\/schema.org","@graph":[{"@type":"Article","@id":"https:\/\/pello.eus\/es\/prioridades-estrategicas-para-reforzar-nuestras-capacidades\/#article","isPartOf":{"@id":"https:\/\/pello.eus\/es\/prioridades-estrategicas-para-reforzar-nuestras-capacidades\/"},"author":{"name":"p.arzanegi","@id":"https:\/\/pello.eus\/es\/#\/schema\/person\/186e8bd03e840b05e26815a9e6c02095"},"headline":"Prioridades estrat\u00e9gicas para reforzar nuestras capacidades","datePublished":"2025-04-15T10:48:57+00:00","dateModified":"2025-04-15T11:01:40+00:00","mainEntityOfPage":{"@id":"https:\/\/pello.eus\/es\/prioridades-estrategicas-para-reforzar-nuestras-capacidades\/"},"wordCount":326,"commentCount":0,"publisher":{"@id":"https:\/\/pello.eus\/es\/#organization"},"image":{"@id":"https:\/\/pello.eus\/es\/prioridades-estrategicas-para-reforzar-nuestras-capacidades\/#primaryimage"},"thumbnailUrl":"https:\/\/pello.eus\/wp-content\/uploads\/2025\/04\/PO20250513-1-scaled.jpg","articleSection":["Begiradak"],"inLanguage":"es","potentialAction":[{"@type":"CommentAction","name":"Comment","target":["https:\/\/pello.eus\/es\/prioridades-estrategicas-para-reforzar-nuestras-capacidades\/#respond"]}]},{"@type":"WebPage","@id":"https:\/\/pello.eus\/es\/prioridades-estrategicas-para-reforzar-nuestras-capacidades\/","url":"https:\/\/pello.eus\/es\/prioridades-estrategicas-para-reforzar-nuestras-capacidades\/","name":"Prioridades estrat\u00e9gicas para reforzar nuestras capacidades - Pello Otxandiano Kanpo","isPartOf":{"@id":"https:\/\/pello.eus\/es\/#website"},"primaryImageOfPage":{"@id":"https:\/\/pello.eus\/es\/prioridades-estrategicas-para-reforzar-nuestras-capacidades\/#primaryimage"},"image":{"@id":"https:\/\/pello.eus\/es\/prioridades-estrategicas-para-reforzar-nuestras-capacidades\/#primaryimage"},"thumbnailUrl":"https:\/\/pello.eus\/wp-content\/uploads\/2025\/04\/PO20250513-1-scaled.jpg","datePublished":"2025-04-15T10:48:57+00:00","dateModified":"2025-04-15T11:01:40+00:00","description":"No basta con reaccionar, tenemos que activar nuestras capacidades y fortalezas para garantizar un futuro pr\u00f3spero. Cooperaci\u00f3n y ambici\u00f3n transformadora.","breadcrumb":{"@id":"https:\/\/pello.eus\/es\/prioridades-estrategicas-para-reforzar-nuestras-capacidades\/#breadcrumb"},"inLanguage":"es","potentialAction":[{"@type":"ReadAction","target":["https:\/\/pello.eus\/es\/prioridades-estrategicas-para-reforzar-nuestras-capacidades\/"]}]},{"@type":"ImageObject","inLanguage":"es","@id":"https:\/\/pello.eus\/es\/prioridades-estrategicas-para-reforzar-nuestras-capacidades\/#primaryimage","url":"https:\/\/pello.eus\/wp-content\/uploads\/2025\/04\/PO20250513-1-scaled.jpg","contentUrl":"https:\/\/pello.eus\/wp-content\/uploads\/2025\/04\/PO20250513-1-scaled.jpg","width":2560,"height":1459},{"@type":"BreadcrumbList","@id":"https:\/\/pello.eus\/es\/prioridades-estrategicas-para-reforzar-nuestras-capacidades\/#breadcrumb","itemListElement":[{"@type":"ListItem","position":1,"name":"Home","item":"https:\/\/pello.eus\/es\/"},{"@type":"ListItem","position":2,"name":"Prioridades estrat\u00e9gicas para reforzar nuestras capacidades"}]},{"@type":"WebSite","@id":"https:\/\/pello.eus\/es\/#website","url":"https:\/\/pello.eus\/es\/","name":"Pello Otxandiano Kanpo","description":"Aldatzeko nahia ordezkatu nahi dut. Aspiro a representar el deseo de cambio. EH Bildu candidate for Lehendakari.","publisher":{"@id":"https:\/\/pello.eus\/es\/#organization"},"potentialAction":[{"@type":"SearchAction","target":{"@type":"EntryPoint","urlTemplate":"https:\/\/pello.eus\/es\/?s={search_term_string}"},"query-input":"required name=search_term_string"}],"inLanguage":"es"},{"@type":"Organization","@id":"https:\/\/pello.eus\/es\/#organization","name":"Pello Otxandiano Kanpo","url":"https:\/\/pello.eus\/es\/","logo":{"@type":"ImageObject","inLanguage":"es","@id":"https:\/\/pello.eus\/es\/#\/schema\/logo\/image\/","url":"https:\/\/pello.eus\/wp-content\/uploads\/2024\/01\/pello-eus.jpg","contentUrl":"https:\/\/pello.eus\/wp-content\/uploads\/2024\/01\/pello-eus.jpg","width":1920,"height":1272,"caption":"Pello Otxandiano Kanpo"},"image":{"@id":"https:\/\/pello.eus\/es\/#\/schema\/logo\/image\/"},"sameAs":["https:\/\/www.facebook.com\/p.otxandiano\/","https:\/\/x.com\/PelloOtxandiano","https:\/\/www.tiktok.com\/@pellootxandiano","https:\/\/www.linkedin.com\/in\/pello-otxandiano-kanpo-26b5a8a\/","https:\/\/www.threads.net\/@pellootxandiano"]},{"@type":"Person","@id":"https:\/\/pello.eus\/es\/#\/schema\/person\/186e8bd03e840b05e26815a9e6c02095","name":"p.arzanegi","image":{"@type":"ImageObject","inLanguage":"es","@id":"https:\/\/pello.eus\/es\/#\/schema\/person\/image\/","url":"https:\/\/secure.gravatar.com\/avatar\/62fb854d23b2b5bb9c2b51dce7b35a45?s=96&d=mm&r=g","contentUrl":"https:\/\/secure.gravatar.com\/avatar\/62fb854d23b2b5bb9c2b51dce7b35a45?s=96&d=mm&r=g","caption":"p.arzanegi"},"url":"https:\/\/pello.eus\/es\/author\/p-arzanegi\/"}]}},"_links":{"self":[{"href":"https:\/\/pello.eus\/es\/wp-json\/wp\/v2\/posts\/2705"}],"collection":[{"href":"https:\/\/pello.eus\/es\/wp-json\/wp\/v2\/posts"}],"about":[{"href":"https:\/\/pello.eus\/es\/wp-json\/wp\/v2\/types\/post"}],"author":[{"embeddable":true,"href":"https:\/\/pello.eus\/es\/wp-json\/wp\/v2\/users\/4"}],"replies":[{"embeddable":true,"href":"https:\/\/pello.eus\/es\/wp-json\/wp\/v2\/comments?post=2705"}],"version-history":[{"count":2,"href":"https:\/\/pello.eus\/es\/wp-json\/wp\/v2\/posts\/2705\/revisions"}],"predecessor-version":[{"id":2709,"href":"https:\/\/pello.eus\/es\/wp-json\/wp\/v2\/posts\/2705\/revisions\/2709"}],"wp:featuredmedia":[{"embeddable":true,"href":"https:\/\/pello.eus\/es\/wp-json\/wp\/v2\/media\/2683"}],"wp:attachment":[{"href":"https:\/\/pello.eus\/es\/wp-json\/wp\/v2\/media?parent=2705"}],"wp:term":[{"taxonomy":"category","embeddable":true,"href":"https:\/\/pello.eus\/es\/wp-json\/wp\/v2\/categories?post=2705"},{"taxonomy":"post_tag","embeddable":true,"href":"https:\/\/pello.eus\/es\/wp-json\/wp\/v2\/tags?post=2705"}],"curies":[{"name":"wp","href":"https:\/\/api.w.org\/{rel}","templated":true}]}}