{"id":2666,"date":"2025-03-09T09:18:53","date_gmt":"2025-03-09T08:18:53","guid":{"rendered":"https:\/\/pello.eus\/reflexionemos-sobre-los-centros-de-datos\/"},"modified":"2025-03-09T09:30:35","modified_gmt":"2025-03-09T08:30:35","slug":"reflexionemos-sobre-los-centros-de-datos","status":"publish","type":"post","link":"https:\/\/pello.eus\/es\/reflexionemos-sobre-los-centros-de-datos\/","title":{"rendered":"Reflexionemos sobre los centros de datos"},"content":{"rendered":"\n<p>En un momento en el que se acaba de anunciar una alianza financiera vasca para dar un fuerte impulso p\u00fablico-privado a la industria, la clave est\u00e1 en fijar con claridad el rumbo a tomar por la industria vasca. Esta semana se ha anunciado el germen de un fondo de inversi\u00f3n vasco con grandes titulares: 1.000 millones de euros de inversi\u00f3n p\u00fablica con el objetivo de traccionar una inversi\u00f3n privada de otros 3.000 millones de euros. Estamos de acuerdo con este paso, pero tenemos que decirlo: hemos perdido mucho tiempo y todav\u00eda estamos en los titulares, cuando deber\u00edamos estar leyendo ya la letra peque\u00f1a.<\/p>\n\n<p>Parece que podemos estar en el inicio de un cambio de paradigma. Al menos, s\u00ed parece que en los partidos del Gobierno hay una pulsi\u00f3n por empezar a recorrer un nuevo camino. Hasta ahora, a quienes propon\u00edamos esto se nos ha respondido que este no es un pa\u00eds comunista. Recordemos que los instrumentos financieros que se quieren articular ahora estaban ah\u00ed, que la propuesta de crear un fondo vasco ha estado sobre la mesa por lo menos desde el primer mandato de Urkullu, y hasta ahora no se ha hecho absolutamente nada. Ahora estamos recuperando el tiempo perdido en unas condiciones econ\u00f3micas m\u00e1s dif\u00edciles de lo que nos gustar\u00eda, en una \u00e9poca en la que la incertidumbre econ\u00f3mica es la mayor de la historia.<\/p>\n\n<p>Faltan detalles, la letra peque\u00f1a: \u00bfC\u00f3mo se articular\u00e1n los diferentes instrumentos financieros p\u00fablicos y privados? \u00bfQu\u00e9 garant\u00edas se ofrecer\u00e1n a las EPSV para poder invertir parte de los ahorros de la ciudadan\u00eda en la industria? Etc\u00e9tera. Pero, sobre todo, falta aclarar en qu\u00e9 queremos invertir, qu\u00e9 rumbo queremos darle a la industria vasca. El Gobierno vasco ha encargado a una consultora la elaboraci\u00f3n de su plan industrial. Llama la atenci\u00f3n, y es preocupante, que el Gobierno vasco no tenga capacidad para elaborar su propio plan industrial y pida a una consultora que haga ese trabajo. \u00bfNo tiene la SPRI capacidad para marcar el rumbo? Sin negar que recurrir a conocimiento externo pueda ser interesante, que lo es, esa falta de capacidad desde lo p\u00fablico es indicativa de algo, es la consecuencia de la falta de una pol\u00edtica industrial, esa que no se ha hecho en los \u00faltimos a\u00f1os. El Gobierno vasco ha entendido que no le correspond\u00eda un rol activo, ni mucho menos participar en la propiedad de las empresas, ni dirigir la innovaci\u00f3n tecnol\u00f3gica, y esto ha tenido consecuencias negativas para las capacidades de la administraci\u00f3n.<\/p>\n\n<p>En pleno debate sobre el rumbo que debe tomar la industria vasca, quiero poner el acento en la industria de datos. Concretamente, en dos proyectos que est\u00e1n sobre la mesa, los dos en tierras alavesas. El primero, denominado Bilbao-Arasur Data Center Campus, promovido por Merlin Properties junto a Edge Energy. Tendr\u00eda una capacidad de 300 MW y ser\u00eda el mayor centro de datos del Estado. A pleno rendimiento, tendr\u00eda un consumo de energ\u00eda anual de 2.628 GWh. Para conocer su dimensi\u00f3n, aqu\u00ed algunos datos comparativos:<\/p>\n\n<ul>\n<li>Para producir 2.628 GWh con centrales fotovoltaicas habr\u00eda que instalar alrededor de 1,6 GW; es decir, 32 centrales de 50 MW (todas las que Solaria proyectaba en Araba y m\u00e1s).&#13;\n<\/li>\n<\/ul>\n\n<p><\/p>\n\n<ul>\n<li>El consumo total de energ\u00eda en Mercedes-Gasteiz ronda los 200 GWh anuales, de los que la mitad son electricidad y la otra mitad gas natural.<\/li>\n<\/ul>\n\n<p><\/p>\n\n<ul>\n<li>El consumo total de energ\u00eda del Grupo Fagor (teniendo en cuenta las plantas de todo el mundo) es de 600 GWh anuales, de los cuales 450 GWh son de electricidad.<\/li>\n<\/ul>\n\n<p><\/p>\n\n<ul>\n<li>El consumo el\u00e9ctrico de Araba ronda los 3.000 GWh anuales; es decir, con el centro de datos Bilbao-Arasur Data Center Campus casi se duplicar\u00eda el consumo el\u00e9ctrico en Araba.<\/li>\n<\/ul>\n\n<p><\/p>\n\n<p>Por detr\u00e1s viene un segundo proyecto, de Solaria, que tendr\u00eda una capacidad de 225 MW. No obstante, Solaria pretende implantar 825 MW en total en centros de datos en la Comunidad Aut\u00f3noma Vasca, la mayor\u00eda en Araba, previsiblemente. De materializarse la mitad de lo anunciado, sumando el proyecto Bilbao-Arasur Data Center Campus, se triplicar\u00eda el consumo el\u00e9ctrico alav\u00e9s.&#13;\n&#13;\nEl lehendakari Pradales hizo las siguientes declaraciones en el acto de inauguraci\u00f3n del primer edificio del proyecto Bilbao-Arasur Data Center Campus:<\/p>\n\n<p><em>Euskadi es una ubicaci\u00f3n geoestrat\u00e9gica en el Eje Atl\u00e1ntico, pues es punto de llegada de grandes cables digitales transoce\u00e1nicos, lo que proporciona una muy baja latencia para las comunicaciones digitales. Este centro de datos es un paso importante en el proceso de transformaci\u00f3n tecnol\u00f3gica y digital y en el impulso de nuevas infraestructuras para la econom\u00eda del dato, poniendo adem\u00e1s la sostenibilidad en el centro. Este data center de Arasur supone una apuesta a largo plazo, que dar\u00e1 servicios punteros para almacenar, procesar y gestionar la informaci\u00f3n digital y supone un paso importante en el proceso de transformaci\u00f3n tecnol\u00f3gica y digital y en el impulso de nuevas infraestructuras para la econom\u00eda del dato.<\/em><\/p>\n\n<p>Nuestra opini\u00f3n es muy diferente: estos centros de datos de hiperescala dar\u00e1n servicio a grandes empresas tecnol\u00f3gicas. Como bien dijo el lehendakari, gracias al cable de alta capacidad que llega a Sopela desde Estados Unidos, los grandes BigTech aprovechar\u00e1n estos centros de datos para realizar el procesamiento de datos que requiere la Inteligencia Artificial. Por tanto, \u00bfqu\u00e9 es lo que deja esta industria de datos en nuestro pa\u00eds?<\/p>\n\n<ul>\n<li>Un consumo energ\u00e9tico desproporcionado que condicionar\u00e1 por completo la transici\u00f3n de nuestro sistema energ\u00e9tico, lo que supone un gran paso atr\u00e1s en la soberan\u00eda energ\u00e9tica teniendo en cuenta las limitaciones de nuestro territorio para la expansi\u00f3n de energ\u00edas renovables.<\/li>\n<\/ul>\n\n<p><\/p>\n\n<ul>\n<li>Un obst\u00e1culo para la descarbonizaci\u00f3n de nuestra industria, ya que tenemos la red el\u00e9ctrica saturada, nos falta potencia y necesitamos m\u00e1s potencia (cuanto antes) para que las empresas puedan electrificar sus procesos de fabricaci\u00f3n. Estos centros de datos vienen a ocupar una red el\u00e9ctrica que es escasa con una actividad econ\u00f3mica que genera muy poco empleo (unos 170 puestos de trabajo en Bilbao-Arasur Data Center Campus). La cuenta es sencilla: Mercedes, consumiendo 13 veces menos, genera unos 6.000 empleos directos (adem\u00e1s de los indirectos).<\/li>\n<\/ul>\n\n<p><\/p>\n\n<ul>\n<li>La ocupaci\u00f3n de un suelo industrial que es escaso (60.000 metros cuadrados para el Bilbao-Arasur Data Center Campus y 50.000 para el proyecto de Solaria) creando muy pocos empleos. Si disponemos de poco suelo industrial, lo que hay que priorizar es la industria manufacturera.<\/li>\n<\/ul>\n\n<p><\/p>\n\n<ul>\n<li>Son infraestructuras que no aportan nada a nuestro desarrollo tecnol\u00f3gico, ni al de Euskal Herria, ni al de Europa. Por el contrario, acent\u00faan nuestra dependencia respecto a las grandes compa\u00f1\u00edas tecnol\u00f3gicas porque territorializamos la infraestructura que necesitan (y su consumo energ\u00e9tico). Estos BigTech, con nuestros datos, han acumulado m\u00e1s poder que nunca y ahora se han puesto al servicio de una estrategia reaccionaria global, hasta el punto de amenazar a la propia Europa.<\/li>\n<\/ul>\n\n<p><\/p>\n\n<ul>\n<li>Estos centros de datos tributar\u00e1n aqu\u00ed, cierto, pero el an\u00e1lisis coste-beneficio no deja lugar a dudas: estos centros suponen un gran problema para nuestro pa\u00eds desde un punto de vista energ\u00e9tico (desde la perspectiva territorial y ecol\u00f3gica, por lo tanto), industrial y tecnol\u00f3gico.<\/li>\n<\/ul>\n\n<p><\/p>\n\n<p>Precisamente, a trav\u00e9s de la colaboraci\u00f3n p\u00fablico-privada estamos construyendo centros de datos a otra escala para almacenar y procesar nuestros datos, los que generan nuestra Administraci\u00f3n y nuestras empresas. Ah\u00ed est\u00e1 la iniciativa ADI Data Center, que ya tiene en marcha un centro de datos en Abanto y va a construir otro en Arrasate. Sin embargo, sus dimensiones no tienen nada que ver con los anteriores: el de Abanto es de 2 MW y el de Arrasate, de 3 MW.<\/p>\n\n<p>Solaria se merece un comentario aparte. En los \u00faltimos a\u00f1os hemos escuchado por su parte mensajes a favor de la transici\u00f3n energ\u00e9tica de nuestro pa\u00eds tratando de explicar las bondades de los parques fotovoltaicos que proyectaba, pero luego hemos descubierto que tiene un negocio complementario, y que vincula a uno con el otro: producir electricidad barata para alimentar sus centros de datos. Ese es el puzzle completo, y recientemente lo han explicado sin complejos:<\/p>\n\n<p><em>La soluci\u00f3n de Solaria ofrece una mayor rentabilidad para los centros de datos, gracias a un ahorro significativo en sus costos de electricidad. Solaria cuenta con un portfolio energ\u00e9tico superior a los 3 GW operativos y en construcci\u00f3n, adicionalmente cuenta con 1,1 GW con autorizaciones, y una infraestructura el\u00e9ctrica privada que abarca casi 1.000 kil\u00f3metros de redes, 97 subestaciones y 70 plantas fotovoltaicas.<\/em><\/p>\n\n<p>\u00bfQu\u00e9 gana este pa\u00eds con Solaria? En la transici\u00f3n energ\u00e9tica damos un paso atr\u00e1s (ya que multiplicamos el consumo) con la ocupaci\u00f3n de grandes extensiones de terreno (muchas, de alto valor agrol\u00f3gico), obstaculizamos la descarbonizaci\u00f3n de nuestra industria al ocupar la red el\u00e9ctrica de transporte y apenas creamos puestos de trabajo al tiempo que ponemos nuestro escaso suelo industrial al servicio de los grandes BigTech. Es inadmisible.<\/p>\n\n<p>Se necesita una visi\u00f3n cr\u00edtica a la hora de fijar el rumbo de la industria vasca. Y el Gobierno vasco, al menos de momento, le ha puesto la alfombra roja a un problema. <a href=\"https:\/\/www.eldiario.es\/tecnologia\/arranca-primera-nube-100-europea-plena-deriva-radical-tecnologicas-eeuu_1_11969488.html\">La propia Comisi\u00f3n Europea est\u00e1 tratando de impulsar un nuevo rumbo porque es consciente de que la soberan\u00eda tecnol\u00f3gica se ha convertido en una cuesti\u00f3n de supervivencia <\/a>.&#13;\n<\/p>\n","protected":false},"excerpt":{"rendered":"<p>En un momento en el que se acaba de anunciar una alianza financiera vasca para dar un fuerte impulso p\u00fablico-privado a la industria, la clave est\u00e1 en fijar con claridad el rumbo a tomar por la industria vasca. Esta semana se ha anunciado el germen de un fondo de inversi\u00f3n vasco con grandes titulares: 1.000 [&hellip;]<\/p>\n","protected":false},"author":4,"featured_media":2664,"comment_status":"open","ping_status":"closed","sticky":false,"template":"","format":"standard","meta":{"_acf_changed":false,"footnotes":""},"categories":[4],"tags":[],"acf":[],"yoast_head":"<!-- This site is optimized with the Yoast SEO plugin v22.9 - https:\/\/yoast.com\/wordpress\/plugins\/seo\/ -->\n<title>Reflexionemos sobre los centros de datos - Pello Otxandiano Kanpo<\/title>\n<meta name=\"description\" content=\"Se necesita una visi\u00f3n cr\u00edtica a la hora de fijar el rumbo de la industria vasca. Y el Gobierno, al menos de momento, ha puesto la alfombra roja a un problema.\" \/>\n<meta name=\"robots\" content=\"index, follow, max-snippet:-1, max-image-preview:large, max-video-preview:-1\" \/>\n<link rel=\"canonical\" href=\"https:\/\/pello.eus\/es\/reflexionemos-sobre-los-centros-de-datos\/\" \/>\n<meta property=\"og:locale\" content=\"es_ES\" \/>\n<meta property=\"og:type\" content=\"article\" \/>\n<meta property=\"og:title\" content=\"Reflexionemos sobre los centros de datos - Pello Otxandiano Kanpo\" \/>\n<meta property=\"og:description\" content=\"Se necesita una visi\u00f3n cr\u00edtica a la hora de fijar el rumbo de la industria vasca. Y el Gobierno, al menos de momento, ha puesto la alfombra roja a un problema.\" \/>\n<meta property=\"og:url\" content=\"https:\/\/pello.eus\/es\/reflexionemos-sobre-los-centros-de-datos\/\" \/>\n<meta property=\"og:site_name\" content=\"Pello Otxandiano Kanpo\" \/>\n<meta property=\"article:publisher\" content=\"https:\/\/www.facebook.com\/p.otxandiano\/\" \/>\n<meta property=\"article:published_time\" content=\"2025-03-09T08:18:53+00:00\" \/>\n<meta property=\"article:modified_time\" content=\"2025-03-09T08:30:35+00:00\" \/>\n<meta property=\"og:image\" content=\"https:\/\/pello.eus\/wp-content\/uploads\/2025\/03\/20250309_po.jpg\" \/>\n\t<meta property=\"og:image:width\" content=\"1920\" \/>\n\t<meta property=\"og:image:height\" content=\"1080\" \/>\n\t<meta property=\"og:image:type\" content=\"image\/jpeg\" \/>\n<meta name=\"author\" content=\"p.arzanegi\" \/>\n<meta name=\"twitter:card\" content=\"summary_large_image\" \/>\n<meta name=\"twitter:creator\" content=\"@PelloOtxandiano\" \/>\n<meta name=\"twitter:site\" content=\"@PelloOtxandiano\" \/>\n<meta name=\"twitter:label1\" content=\"Escrito por\" \/>\n\t<meta name=\"twitter:data1\" content=\"p.arzanegi\" \/>\n\t<meta name=\"twitter:label2\" content=\"Tiempo de lectura\" \/>\n\t<meta name=\"twitter:data2\" content=\"8 minutos\" \/>\n<script type=\"application\/ld+json\" class=\"yoast-schema-graph\">{\"@context\":\"https:\/\/schema.org\",\"@graph\":[{\"@type\":\"Article\",\"@id\":\"https:\/\/pello.eus\/es\/reflexionemos-sobre-los-centros-de-datos\/#article\",\"isPartOf\":{\"@id\":\"https:\/\/pello.eus\/es\/reflexionemos-sobre-los-centros-de-datos\/\"},\"author\":{\"name\":\"p.arzanegi\",\"@id\":\"https:\/\/pello.eus\/es\/#\/schema\/person\/186e8bd03e840b05e26815a9e6c02095\"},\"headline\":\"Reflexionemos sobre los centros de datos\",\"datePublished\":\"2025-03-09T08:18:53+00:00\",\"dateModified\":\"2025-03-09T08:30:35+00:00\",\"mainEntityOfPage\":{\"@id\":\"https:\/\/pello.eus\/es\/reflexionemos-sobre-los-centros-de-datos\/\"},\"wordCount\":1607,\"commentCount\":0,\"publisher\":{\"@id\":\"https:\/\/pello.eus\/es\/#organization\"},\"image\":{\"@id\":\"https:\/\/pello.eus\/es\/reflexionemos-sobre-los-centros-de-datos\/#primaryimage\"},\"thumbnailUrl\":\"https:\/\/pello.eus\/wp-content\/uploads\/2025\/03\/20250309_po.jpg\",\"articleSection\":[\"Begiradak\"],\"inLanguage\":\"es\",\"potentialAction\":[{\"@type\":\"CommentAction\",\"name\":\"Comment\",\"target\":[\"https:\/\/pello.eus\/es\/reflexionemos-sobre-los-centros-de-datos\/#respond\"]}]},{\"@type\":\"WebPage\",\"@id\":\"https:\/\/pello.eus\/es\/reflexionemos-sobre-los-centros-de-datos\/\",\"url\":\"https:\/\/pello.eus\/es\/reflexionemos-sobre-los-centros-de-datos\/\",\"name\":\"Reflexionemos sobre los centros de datos - Pello Otxandiano Kanpo\",\"isPartOf\":{\"@id\":\"https:\/\/pello.eus\/es\/#website\"},\"primaryImageOfPage\":{\"@id\":\"https:\/\/pello.eus\/es\/reflexionemos-sobre-los-centros-de-datos\/#primaryimage\"},\"image\":{\"@id\":\"https:\/\/pello.eus\/es\/reflexionemos-sobre-los-centros-de-datos\/#primaryimage\"},\"thumbnailUrl\":\"https:\/\/pello.eus\/wp-content\/uploads\/2025\/03\/20250309_po.jpg\",\"datePublished\":\"2025-03-09T08:18:53+00:00\",\"dateModified\":\"2025-03-09T08:30:35+00:00\",\"description\":\"Se necesita una visi\u00f3n cr\u00edtica a la hora de fijar el rumbo de la industria vasca. Y el Gobierno, al menos de momento, ha puesto la alfombra roja a un problema.\",\"breadcrumb\":{\"@id\":\"https:\/\/pello.eus\/es\/reflexionemos-sobre-los-centros-de-datos\/#breadcrumb\"},\"inLanguage\":\"es\",\"potentialAction\":[{\"@type\":\"ReadAction\",\"target\":[\"https:\/\/pello.eus\/es\/reflexionemos-sobre-los-centros-de-datos\/\"]}]},{\"@type\":\"ImageObject\",\"inLanguage\":\"es\",\"@id\":\"https:\/\/pello.eus\/es\/reflexionemos-sobre-los-centros-de-datos\/#primaryimage\",\"url\":\"https:\/\/pello.eus\/wp-content\/uploads\/2025\/03\/20250309_po.jpg\",\"contentUrl\":\"https:\/\/pello.eus\/wp-content\/uploads\/2025\/03\/20250309_po.jpg\",\"width\":1920,\"height\":1080},{\"@type\":\"BreadcrumbList\",\"@id\":\"https:\/\/pello.eus\/es\/reflexionemos-sobre-los-centros-de-datos\/#breadcrumb\",\"itemListElement\":[{\"@type\":\"ListItem\",\"position\":1,\"name\":\"Home\",\"item\":\"https:\/\/pello.eus\/es\/\"},{\"@type\":\"ListItem\",\"position\":2,\"name\":\"Reflexionemos sobre los centros de datos\"}]},{\"@type\":\"WebSite\",\"@id\":\"https:\/\/pello.eus\/es\/#website\",\"url\":\"https:\/\/pello.eus\/es\/\",\"name\":\"Pello Otxandiano Kanpo\",\"description\":\"Aldatzeko nahia ordezkatu nahi dut. Aspiro a representar el deseo de cambio. EH Bildu candidate for Lehendakari.\",\"publisher\":{\"@id\":\"https:\/\/pello.eus\/es\/#organization\"},\"potentialAction\":[{\"@type\":\"SearchAction\",\"target\":{\"@type\":\"EntryPoint\",\"urlTemplate\":\"https:\/\/pello.eus\/es\/?s={search_term_string}\"},\"query-input\":\"required name=search_term_string\"}],\"inLanguage\":\"es\"},{\"@type\":\"Organization\",\"@id\":\"https:\/\/pello.eus\/es\/#organization\",\"name\":\"Pello Otxandiano Kanpo\",\"url\":\"https:\/\/pello.eus\/es\/\",\"logo\":{\"@type\":\"ImageObject\",\"inLanguage\":\"es\",\"@id\":\"https:\/\/pello.eus\/es\/#\/schema\/logo\/image\/\",\"url\":\"https:\/\/pello.eus\/wp-content\/uploads\/2024\/01\/pello-eus.jpg\",\"contentUrl\":\"https:\/\/pello.eus\/wp-content\/uploads\/2024\/01\/pello-eus.jpg\",\"width\":1920,\"height\":1272,\"caption\":\"Pello Otxandiano Kanpo\"},\"image\":{\"@id\":\"https:\/\/pello.eus\/es\/#\/schema\/logo\/image\/\"},\"sameAs\":[\"https:\/\/www.facebook.com\/p.otxandiano\/\",\"https:\/\/x.com\/PelloOtxandiano\",\"https:\/\/www.tiktok.com\/@pellootxandiano\",\"https:\/\/www.linkedin.com\/in\/pello-otxandiano-kanpo-26b5a8a\/\",\"https:\/\/www.threads.net\/@pellootxandiano\"]},{\"@type\":\"Person\",\"@id\":\"https:\/\/pello.eus\/es\/#\/schema\/person\/186e8bd03e840b05e26815a9e6c02095\",\"name\":\"p.arzanegi\",\"image\":{\"@type\":\"ImageObject\",\"inLanguage\":\"es\",\"@id\":\"https:\/\/pello.eus\/es\/#\/schema\/person\/image\/\",\"url\":\"https:\/\/secure.gravatar.com\/avatar\/62fb854d23b2b5bb9c2b51dce7b35a45?s=96&d=mm&r=g\",\"contentUrl\":\"https:\/\/secure.gravatar.com\/avatar\/62fb854d23b2b5bb9c2b51dce7b35a45?s=96&d=mm&r=g\",\"caption\":\"p.arzanegi\"},\"url\":\"https:\/\/pello.eus\/es\/author\/p-arzanegi\/\"}]}<\/script>\n<!-- \/ Yoast SEO plugin. -->","yoast_head_json":{"title":"Reflexionemos sobre los centros de datos - Pello Otxandiano Kanpo","description":"Se necesita una visi\u00f3n cr\u00edtica a la hora de fijar el rumbo de la industria vasca. Y el Gobierno, al menos de momento, ha puesto la alfombra roja a un problema.","robots":{"index":"index","follow":"follow","max-snippet":"max-snippet:-1","max-image-preview":"max-image-preview:large","max-video-preview":"max-video-preview:-1"},"canonical":"https:\/\/pello.eus\/es\/reflexionemos-sobre-los-centros-de-datos\/","og_locale":"es_ES","og_type":"article","og_title":"Reflexionemos sobre los centros de datos - Pello Otxandiano Kanpo","og_description":"Se necesita una visi\u00f3n cr\u00edtica a la hora de fijar el rumbo de la industria vasca. Y el Gobierno, al menos de momento, ha puesto la alfombra roja a un problema.","og_url":"https:\/\/pello.eus\/es\/reflexionemos-sobre-los-centros-de-datos\/","og_site_name":"Pello Otxandiano Kanpo","article_publisher":"https:\/\/www.facebook.com\/p.otxandiano\/","article_published_time":"2025-03-09T08:18:53+00:00","article_modified_time":"2025-03-09T08:30:35+00:00","og_image":[{"width":1920,"height":1080,"url":"https:\/\/pello.eus\/wp-content\/uploads\/2025\/03\/20250309_po.jpg","type":"image\/jpeg"}],"author":"p.arzanegi","twitter_card":"summary_large_image","twitter_creator":"@PelloOtxandiano","twitter_site":"@PelloOtxandiano","twitter_misc":{"Escrito por":"p.arzanegi","Tiempo de lectura":"8 minutos"},"schema":{"@context":"https:\/\/schema.org","@graph":[{"@type":"Article","@id":"https:\/\/pello.eus\/es\/reflexionemos-sobre-los-centros-de-datos\/#article","isPartOf":{"@id":"https:\/\/pello.eus\/es\/reflexionemos-sobre-los-centros-de-datos\/"},"author":{"name":"p.arzanegi","@id":"https:\/\/pello.eus\/es\/#\/schema\/person\/186e8bd03e840b05e26815a9e6c02095"},"headline":"Reflexionemos sobre los centros de datos","datePublished":"2025-03-09T08:18:53+00:00","dateModified":"2025-03-09T08:30:35+00:00","mainEntityOfPage":{"@id":"https:\/\/pello.eus\/es\/reflexionemos-sobre-los-centros-de-datos\/"},"wordCount":1607,"commentCount":0,"publisher":{"@id":"https:\/\/pello.eus\/es\/#organization"},"image":{"@id":"https:\/\/pello.eus\/es\/reflexionemos-sobre-los-centros-de-datos\/#primaryimage"},"thumbnailUrl":"https:\/\/pello.eus\/wp-content\/uploads\/2025\/03\/20250309_po.jpg","articleSection":["Begiradak"],"inLanguage":"es","potentialAction":[{"@type":"CommentAction","name":"Comment","target":["https:\/\/pello.eus\/es\/reflexionemos-sobre-los-centros-de-datos\/#respond"]}]},{"@type":"WebPage","@id":"https:\/\/pello.eus\/es\/reflexionemos-sobre-los-centros-de-datos\/","url":"https:\/\/pello.eus\/es\/reflexionemos-sobre-los-centros-de-datos\/","name":"Reflexionemos sobre los centros de datos - Pello Otxandiano Kanpo","isPartOf":{"@id":"https:\/\/pello.eus\/es\/#website"},"primaryImageOfPage":{"@id":"https:\/\/pello.eus\/es\/reflexionemos-sobre-los-centros-de-datos\/#primaryimage"},"image":{"@id":"https:\/\/pello.eus\/es\/reflexionemos-sobre-los-centros-de-datos\/#primaryimage"},"thumbnailUrl":"https:\/\/pello.eus\/wp-content\/uploads\/2025\/03\/20250309_po.jpg","datePublished":"2025-03-09T08:18:53+00:00","dateModified":"2025-03-09T08:30:35+00:00","description":"Se necesita una visi\u00f3n cr\u00edtica a la hora de fijar el rumbo de la industria vasca. Y el Gobierno, al menos de momento, ha puesto la alfombra roja a un problema.","breadcrumb":{"@id":"https:\/\/pello.eus\/es\/reflexionemos-sobre-los-centros-de-datos\/#breadcrumb"},"inLanguage":"es","potentialAction":[{"@type":"ReadAction","target":["https:\/\/pello.eus\/es\/reflexionemos-sobre-los-centros-de-datos\/"]}]},{"@type":"ImageObject","inLanguage":"es","@id":"https:\/\/pello.eus\/es\/reflexionemos-sobre-los-centros-de-datos\/#primaryimage","url":"https:\/\/pello.eus\/wp-content\/uploads\/2025\/03\/20250309_po.jpg","contentUrl":"https:\/\/pello.eus\/wp-content\/uploads\/2025\/03\/20250309_po.jpg","width":1920,"height":1080},{"@type":"BreadcrumbList","@id":"https:\/\/pello.eus\/es\/reflexionemos-sobre-los-centros-de-datos\/#breadcrumb","itemListElement":[{"@type":"ListItem","position":1,"name":"Home","item":"https:\/\/pello.eus\/es\/"},{"@type":"ListItem","position":2,"name":"Reflexionemos sobre los centros de datos"}]},{"@type":"WebSite","@id":"https:\/\/pello.eus\/es\/#website","url":"https:\/\/pello.eus\/es\/","name":"Pello Otxandiano Kanpo","description":"Aldatzeko nahia ordezkatu nahi dut. Aspiro a representar el deseo de cambio. EH Bildu candidate for Lehendakari.","publisher":{"@id":"https:\/\/pello.eus\/es\/#organization"},"potentialAction":[{"@type":"SearchAction","target":{"@type":"EntryPoint","urlTemplate":"https:\/\/pello.eus\/es\/?s={search_term_string}"},"query-input":"required name=search_term_string"}],"inLanguage":"es"},{"@type":"Organization","@id":"https:\/\/pello.eus\/es\/#organization","name":"Pello Otxandiano Kanpo","url":"https:\/\/pello.eus\/es\/","logo":{"@type":"ImageObject","inLanguage":"es","@id":"https:\/\/pello.eus\/es\/#\/schema\/logo\/image\/","url":"https:\/\/pello.eus\/wp-content\/uploads\/2024\/01\/pello-eus.jpg","contentUrl":"https:\/\/pello.eus\/wp-content\/uploads\/2024\/01\/pello-eus.jpg","width":1920,"height":1272,"caption":"Pello Otxandiano Kanpo"},"image":{"@id":"https:\/\/pello.eus\/es\/#\/schema\/logo\/image\/"},"sameAs":["https:\/\/www.facebook.com\/p.otxandiano\/","https:\/\/x.com\/PelloOtxandiano","https:\/\/www.tiktok.com\/@pellootxandiano","https:\/\/www.linkedin.com\/in\/pello-otxandiano-kanpo-26b5a8a\/","https:\/\/www.threads.net\/@pellootxandiano"]},{"@type":"Person","@id":"https:\/\/pello.eus\/es\/#\/schema\/person\/186e8bd03e840b05e26815a9e6c02095","name":"p.arzanegi","image":{"@type":"ImageObject","inLanguage":"es","@id":"https:\/\/pello.eus\/es\/#\/schema\/person\/image\/","url":"https:\/\/secure.gravatar.com\/avatar\/62fb854d23b2b5bb9c2b51dce7b35a45?s=96&d=mm&r=g","contentUrl":"https:\/\/secure.gravatar.com\/avatar\/62fb854d23b2b5bb9c2b51dce7b35a45?s=96&d=mm&r=g","caption":"p.arzanegi"},"url":"https:\/\/pello.eus\/es\/author\/p-arzanegi\/"}]}},"_links":{"self":[{"href":"https:\/\/pello.eus\/es\/wp-json\/wp\/v2\/posts\/2666"}],"collection":[{"href":"https:\/\/pello.eus\/es\/wp-json\/wp\/v2\/posts"}],"about":[{"href":"https:\/\/pello.eus\/es\/wp-json\/wp\/v2\/types\/post"}],"author":[{"embeddable":true,"href":"https:\/\/pello.eus\/es\/wp-json\/wp\/v2\/users\/4"}],"replies":[{"embeddable":true,"href":"https:\/\/pello.eus\/es\/wp-json\/wp\/v2\/comments?post=2666"}],"version-history":[{"count":1,"href":"https:\/\/pello.eus\/es\/wp-json\/wp\/v2\/posts\/2666\/revisions"}],"predecessor-version":[{"id":2667,"href":"https:\/\/pello.eus\/es\/wp-json\/wp\/v2\/posts\/2666\/revisions\/2667"}],"wp:featuredmedia":[{"embeddable":true,"href":"https:\/\/pello.eus\/es\/wp-json\/wp\/v2\/media\/2664"}],"wp:attachment":[{"href":"https:\/\/pello.eus\/es\/wp-json\/wp\/v2\/media?parent=2666"}],"wp:term":[{"taxonomy":"category","embeddable":true,"href":"https:\/\/pello.eus\/es\/wp-json\/wp\/v2\/categories?post=2666"},{"taxonomy":"post_tag","embeddable":true,"href":"https:\/\/pello.eus\/es\/wp-json\/wp\/v2\/tags?post=2666"}],"curies":[{"name":"wp","href":"https:\/\/api.w.org\/{rel}","templated":true}]}}