{"id":2065,"date":"2025-01-20T17:11:38","date_gmt":"2025-01-20T16:11:38","guid":{"rendered":"https:\/\/pello.eus\/?p=2065"},"modified":"2025-02-17T09:40:25","modified_gmt":"2025-02-17T08:40:25","slug":"como-va-a-afrontar-euskal-herria-este-momento-historico","status":"publish","type":"post","link":"https:\/\/pello.eus\/es\/como-va-a-afrontar-euskal-herria-este-momento-historico\/","title":{"rendered":"\u00bfC\u00f3mo va a afrontar Euskal Herria este momento hist\u00f3rico?"},"content":{"rendered":"\n<p>Hoy, con la toma de posesi\u00f3n de Donald Trump como presidente de los EEUU, se formaliza un hito en la ofensiva de la llamada internacional reaccionaria: una ola de extrema derecha que est\u00e1 consiguiendo trasladar al \u00e1mbito pol\u00edtico-institucional la ofensiva cultural de los \u00faltimos a\u00f1os. Hoy, en un contexto hist\u00f3rico marcado por la crisis civilizatoria, la extrema derecha asume responsabilidades de gobierno en las principales potencias occidentales.&#13;\n<\/p>\n\n<p>Ahora m\u00e1s que nunca necesitamos un an\u00e1lisis pol\u00edtico causal que aborde los factores profundos del \u00e9xito de esta ola reaccionaria en lugar de centrarnos simplemente en los s\u00edntomas. Ya que, lo cierto es que Donald Trump no es m\u00e1s que un s\u00edntoma de un modelo econ\u00f3mico fallido que no es capaz de garantizar prosperidad y seguridad a amplias capas de la sociedad. <\/p>\n\n<p>En 2008, las elites pol\u00edticas y econ\u00f3micas occidentales respondieron a la crisis econ\u00f3mica-financiera pisando el acelerador neoliberal: financiarizaci\u00f3n de la econom\u00eda, mayor desregulaci\u00f3n de los mercados y la asunci\u00f3n del dogma de la austeridad fiscal expansiva, restando as\u00ed poder pol\u00edtico real a los estados y propiciando una concentraci\u00f3n del poder olig\u00e1rquico nunca antes conocida. En consecuencia, las desigualdades sociales y la pauperizaci\u00f3n de las condiciones de vida de las clases trabajadoras de rentas medias han generado una enorme desafecci\u00f3n pol\u00edtica poniendo en tela de juicio las democracias liberales, algo que la extrema derecha est\u00e1 sabiendo canalizar de forma exitosa. Esta es la responsabilidad de quienes durante d\u00e9cadas han sostenido y defendido las pol\u00edticas neoliberales.<\/p>\n\n<p>Debemos asumir que esta internacional reaccionaria no es un fen\u00f3meno coyuntural, ya que las razones profundas del malestar de la gente nos conectan con realidades hist\u00f3ricas jam\u00e1s experimentadas como que la civilizaci\u00f3n moderna-industrial ha chocado contra los l\u00edmites biof\u00edsicos del planeta, o que por vez primera desde la revoluci\u00f3n industrial las innovaciones tecnol\u00f3gicas ya no producen los incrementos de productividad esperados, lo que cuestiona la idea de que la divisi\u00f3n del trabajo y la tecnolog\u00eda van a producir cada vez mejores empleos y en consecuencia la vida de la gente va a mejorar porque los trabajos cada vez van a ser mejores. El motor que hist\u00f3ricamente ha empujado el progreso occidental empieza a fallar, con todo lo que ello significa.<\/p>\n\n<p>En esta coyuntura hist\u00f3rica, la internacional reaccionaria de la mano de una plutocracia tecnol\u00f3gica representa la salida autoritaria, las \u00e9lites pol\u00edticas y econ\u00f3micas que han pilotado la globalizaci\u00f3n neoliberal hasta el d\u00eda de hoy se encuentran en estado de shock y no se vislumbra la posibilidad de articular una respuesta global de corte progresista e igualitaria. Quiz\u00e1 ha llegado el momento de abandonar cualquier atisbo de autocomplaciencia, armarnos de honestidad y pensar c\u00f3mo va a afrontar Euskal Herria este momento hist\u00f3rico. <\/p>\n\n<p>Seamos radicalmente realistas en el sentido de basarnos en un an\u00e1lisis causal de los fen\u00f3menos sociales, culturales y econ\u00f3micos que vivimos, y seamos radicalmente pragm\u00e1ticos en el sentido de centrarnos en las transformaciones sociales e institucionales que debemos acometer en la escala vasca asumiendo nuestras limitaciones pero vali\u00e9ndonos de nuestras capacidades comunitarias.&#13;\n<\/p>\n","protected":false},"excerpt":{"rendered":"<p>Hoy, con la toma de posesi\u00f3n de Donald Trump como presidente de los EEUU, se formaliza un hito en la ofensiva de la llamada internacional reaccionaria: una ola de extrema derecha que est\u00e1 consiguiendo trasladar al \u00e1mbito pol\u00edtico-institucional la ofensiva cultural de los \u00faltimos a\u00f1os. Hoy, en un contexto hist\u00f3rico marcado por la crisis civilizatoria, [&hellip;]<\/p>\n","protected":false},"author":4,"featured_media":2063,"comment_status":"open","ping_status":"closed","sticky":false,"template":"","format":"standard","meta":{"_acf_changed":false,"footnotes":""},"categories":[4],"tags":[],"acf":[],"yoast_head":"<!-- This site is optimized with the Yoast SEO plugin v22.9 - https:\/\/yoast.com\/wordpress\/plugins\/seo\/ -->\n<title>\u00bfC\u00f3mo va a afrontar Euskal Herria este momento hist\u00f3rico? - Pello Otxandiano Kanpo<\/title>\n<meta name=\"description\" content=\"Ha llegado el momento de abandonar cualquier atisbo de autocomplaciencia, armarnos de honestidad y pensar c\u00f3mo va a afrontar Euskal Herria este momento hist\u00f3rico.\" \/>\n<meta name=\"robots\" content=\"index, follow, max-snippet:-1, max-image-preview:large, max-video-preview:-1\" \/>\n<link rel=\"canonical\" href=\"https:\/\/pello.eus\/es\/como-va-a-afrontar-euskal-herria-este-momento-historico\/\" \/>\n<meta property=\"og:locale\" content=\"es_ES\" \/>\n<meta property=\"og:type\" content=\"article\" \/>\n<meta property=\"og:title\" content=\"\u00bfC\u00f3mo va a afrontar Euskal Herria este momento hist\u00f3rico? - Pello Otxandiano Kanpo\" \/>\n<meta property=\"og:description\" content=\"Ha llegado el momento de abandonar cualquier atisbo de autocomplaciencia, armarnos de honestidad y pensar c\u00f3mo va a afrontar Euskal Herria este momento hist\u00f3rico.\" \/>\n<meta property=\"og:url\" content=\"https:\/\/pello.eus\/es\/como-va-a-afrontar-euskal-herria-este-momento-historico\/\" \/>\n<meta property=\"og:site_name\" content=\"Pello Otxandiano Kanpo\" \/>\n<meta property=\"article:publisher\" content=\"https:\/\/www.facebook.com\/p.otxandiano\/\" \/>\n<meta property=\"article:published_time\" content=\"2025-01-20T16:11:38+00:00\" \/>\n<meta property=\"article:modified_time\" content=\"2025-02-17T08:40:25+00:00\" \/>\n<meta property=\"og:image\" content=\"https:\/\/pello.eus\/wp-content\/uploads\/2025\/01\/PO20250120-1.jpg\" \/>\n\t<meta property=\"og:image:width\" content=\"1920\" \/>\n\t<meta property=\"og:image:height\" content=\"1080\" \/>\n\t<meta property=\"og:image:type\" content=\"image\/jpeg\" \/>\n<meta name=\"author\" content=\"p.arzanegi\" \/>\n<meta name=\"twitter:card\" content=\"summary_large_image\" \/>\n<meta name=\"twitter:creator\" content=\"@PelloOtxandiano\" \/>\n<meta name=\"twitter:site\" content=\"@PelloOtxandiano\" \/>\n<meta name=\"twitter:label1\" content=\"Escrito por\" \/>\n\t<meta name=\"twitter:data1\" content=\"p.arzanegi\" \/>\n\t<meta name=\"twitter:label2\" content=\"Tiempo de lectura\" \/>\n\t<meta name=\"twitter:data2\" content=\"3 minutos\" \/>\n<script type=\"application\/ld+json\" class=\"yoast-schema-graph\">{\"@context\":\"https:\/\/schema.org\",\"@graph\":[{\"@type\":\"Article\",\"@id\":\"https:\/\/pello.eus\/es\/como-va-a-afrontar-euskal-herria-este-momento-historico\/#article\",\"isPartOf\":{\"@id\":\"https:\/\/pello.eus\/es\/como-va-a-afrontar-euskal-herria-este-momento-historico\/\"},\"author\":{\"name\":\"p.arzanegi\",\"@id\":\"https:\/\/pello.eus\/es\/#\/schema\/person\/186e8bd03e840b05e26815a9e6c02095\"},\"headline\":\"\u00bfC\u00f3mo va a afrontar Euskal Herria este momento hist\u00f3rico?\",\"datePublished\":\"2025-01-20T16:11:38+00:00\",\"dateModified\":\"2025-02-17T08:40:25+00:00\",\"mainEntityOfPage\":{\"@id\":\"https:\/\/pello.eus\/es\/como-va-a-afrontar-euskal-herria-este-momento-historico\/\"},\"wordCount\":556,\"commentCount\":0,\"publisher\":{\"@id\":\"https:\/\/pello.eus\/es\/#organization\"},\"image\":{\"@id\":\"https:\/\/pello.eus\/es\/como-va-a-afrontar-euskal-herria-este-momento-historico\/#primaryimage\"},\"thumbnailUrl\":\"https:\/\/pello.eus\/wp-content\/uploads\/2025\/01\/PO20250120-1.jpg\",\"articleSection\":[\"Begiradak\"],\"inLanguage\":\"es\",\"potentialAction\":[{\"@type\":\"CommentAction\",\"name\":\"Comment\",\"target\":[\"https:\/\/pello.eus\/es\/como-va-a-afrontar-euskal-herria-este-momento-historico\/#respond\"]}]},{\"@type\":\"WebPage\",\"@id\":\"https:\/\/pello.eus\/es\/como-va-a-afrontar-euskal-herria-este-momento-historico\/\",\"url\":\"https:\/\/pello.eus\/es\/como-va-a-afrontar-euskal-herria-este-momento-historico\/\",\"name\":\"\u00bfC\u00f3mo va a afrontar Euskal Herria este momento hist\u00f3rico? - Pello Otxandiano Kanpo\",\"isPartOf\":{\"@id\":\"https:\/\/pello.eus\/es\/#website\"},\"primaryImageOfPage\":{\"@id\":\"https:\/\/pello.eus\/es\/como-va-a-afrontar-euskal-herria-este-momento-historico\/#primaryimage\"},\"image\":{\"@id\":\"https:\/\/pello.eus\/es\/como-va-a-afrontar-euskal-herria-este-momento-historico\/#primaryimage\"},\"thumbnailUrl\":\"https:\/\/pello.eus\/wp-content\/uploads\/2025\/01\/PO20250120-1.jpg\",\"datePublished\":\"2025-01-20T16:11:38+00:00\",\"dateModified\":\"2025-02-17T08:40:25+00:00\",\"description\":\"Ha llegado el momento de abandonar cualquier atisbo de autocomplaciencia, armarnos de honestidad y pensar c\u00f3mo va a afrontar Euskal Herria este momento hist\u00f3rico.\",\"breadcrumb\":{\"@id\":\"https:\/\/pello.eus\/es\/como-va-a-afrontar-euskal-herria-este-momento-historico\/#breadcrumb\"},\"inLanguage\":\"es\",\"potentialAction\":[{\"@type\":\"ReadAction\",\"target\":[\"https:\/\/pello.eus\/es\/como-va-a-afrontar-euskal-herria-este-momento-historico\/\"]}]},{\"@type\":\"ImageObject\",\"inLanguage\":\"es\",\"@id\":\"https:\/\/pello.eus\/es\/como-va-a-afrontar-euskal-herria-este-momento-historico\/#primaryimage\",\"url\":\"https:\/\/pello.eus\/wp-content\/uploads\/2025\/01\/PO20250120-1.jpg\",\"contentUrl\":\"https:\/\/pello.eus\/wp-content\/uploads\/2025\/01\/PO20250120-1.jpg\",\"width\":1920,\"height\":1080},{\"@type\":\"BreadcrumbList\",\"@id\":\"https:\/\/pello.eus\/es\/como-va-a-afrontar-euskal-herria-este-momento-historico\/#breadcrumb\",\"itemListElement\":[{\"@type\":\"ListItem\",\"position\":1,\"name\":\"Home\",\"item\":\"https:\/\/pello.eus\/es\/\"},{\"@type\":\"ListItem\",\"position\":2,\"name\":\"\u00bfC\u00f3mo va a afrontar Euskal Herria este momento hist\u00f3rico?\"}]},{\"@type\":\"WebSite\",\"@id\":\"https:\/\/pello.eus\/es\/#website\",\"url\":\"https:\/\/pello.eus\/es\/\",\"name\":\"Pello Otxandiano Kanpo\",\"description\":\"Aldatzeko nahia ordezkatu nahi dut. Aspiro a representar el deseo de cambio. EH Bildu candidate for Lehendakari.\",\"publisher\":{\"@id\":\"https:\/\/pello.eus\/es\/#organization\"},\"potentialAction\":[{\"@type\":\"SearchAction\",\"target\":{\"@type\":\"EntryPoint\",\"urlTemplate\":\"https:\/\/pello.eus\/es\/?s={search_term_string}\"},\"query-input\":\"required name=search_term_string\"}],\"inLanguage\":\"es\"},{\"@type\":\"Organization\",\"@id\":\"https:\/\/pello.eus\/es\/#organization\",\"name\":\"Pello Otxandiano Kanpo\",\"url\":\"https:\/\/pello.eus\/es\/\",\"logo\":{\"@type\":\"ImageObject\",\"inLanguage\":\"es\",\"@id\":\"https:\/\/pello.eus\/es\/#\/schema\/logo\/image\/\",\"url\":\"https:\/\/pello.eus\/wp-content\/uploads\/2024\/01\/pello-eus.jpg\",\"contentUrl\":\"https:\/\/pello.eus\/wp-content\/uploads\/2024\/01\/pello-eus.jpg\",\"width\":1920,\"height\":1272,\"caption\":\"Pello Otxandiano Kanpo\"},\"image\":{\"@id\":\"https:\/\/pello.eus\/es\/#\/schema\/logo\/image\/\"},\"sameAs\":[\"https:\/\/www.facebook.com\/p.otxandiano\/\",\"https:\/\/x.com\/PelloOtxandiano\",\"https:\/\/www.tiktok.com\/@pellootxandiano\",\"https:\/\/www.linkedin.com\/in\/pello-otxandiano-kanpo-26b5a8a\/\",\"https:\/\/www.threads.net\/@pellootxandiano\"]},{\"@type\":\"Person\",\"@id\":\"https:\/\/pello.eus\/es\/#\/schema\/person\/186e8bd03e840b05e26815a9e6c02095\",\"name\":\"p.arzanegi\",\"image\":{\"@type\":\"ImageObject\",\"inLanguage\":\"es\",\"@id\":\"https:\/\/pello.eus\/es\/#\/schema\/person\/image\/\",\"url\":\"https:\/\/secure.gravatar.com\/avatar\/62fb854d23b2b5bb9c2b51dce7b35a45?s=96&d=mm&r=g\",\"contentUrl\":\"https:\/\/secure.gravatar.com\/avatar\/62fb854d23b2b5bb9c2b51dce7b35a45?s=96&d=mm&r=g\",\"caption\":\"p.arzanegi\"},\"url\":\"https:\/\/pello.eus\/es\/author\/p-arzanegi\/\"}]}<\/script>\n<!-- \/ Yoast SEO plugin. -->","yoast_head_json":{"title":"\u00bfC\u00f3mo va a afrontar Euskal Herria este momento hist\u00f3rico? - Pello Otxandiano Kanpo","description":"Ha llegado el momento de abandonar cualquier atisbo de autocomplaciencia, armarnos de honestidad y pensar c\u00f3mo va a afrontar Euskal Herria este momento hist\u00f3rico.","robots":{"index":"index","follow":"follow","max-snippet":"max-snippet:-1","max-image-preview":"max-image-preview:large","max-video-preview":"max-video-preview:-1"},"canonical":"https:\/\/pello.eus\/es\/como-va-a-afrontar-euskal-herria-este-momento-historico\/","og_locale":"es_ES","og_type":"article","og_title":"\u00bfC\u00f3mo va a afrontar Euskal Herria este momento hist\u00f3rico? - Pello Otxandiano Kanpo","og_description":"Ha llegado el momento de abandonar cualquier atisbo de autocomplaciencia, armarnos de honestidad y pensar c\u00f3mo va a afrontar Euskal Herria este momento hist\u00f3rico.","og_url":"https:\/\/pello.eus\/es\/como-va-a-afrontar-euskal-herria-este-momento-historico\/","og_site_name":"Pello Otxandiano Kanpo","article_publisher":"https:\/\/www.facebook.com\/p.otxandiano\/","article_published_time":"2025-01-20T16:11:38+00:00","article_modified_time":"2025-02-17T08:40:25+00:00","og_image":[{"width":1920,"height":1080,"url":"https:\/\/pello.eus\/wp-content\/uploads\/2025\/01\/PO20250120-1.jpg","type":"image\/jpeg"}],"author":"p.arzanegi","twitter_card":"summary_large_image","twitter_creator":"@PelloOtxandiano","twitter_site":"@PelloOtxandiano","twitter_misc":{"Escrito por":"p.arzanegi","Tiempo de lectura":"3 minutos"},"schema":{"@context":"https:\/\/schema.org","@graph":[{"@type":"Article","@id":"https:\/\/pello.eus\/es\/como-va-a-afrontar-euskal-herria-este-momento-historico\/#article","isPartOf":{"@id":"https:\/\/pello.eus\/es\/como-va-a-afrontar-euskal-herria-este-momento-historico\/"},"author":{"name":"p.arzanegi","@id":"https:\/\/pello.eus\/es\/#\/schema\/person\/186e8bd03e840b05e26815a9e6c02095"},"headline":"\u00bfC\u00f3mo va a afrontar Euskal Herria este momento hist\u00f3rico?","datePublished":"2025-01-20T16:11:38+00:00","dateModified":"2025-02-17T08:40:25+00:00","mainEntityOfPage":{"@id":"https:\/\/pello.eus\/es\/como-va-a-afrontar-euskal-herria-este-momento-historico\/"},"wordCount":556,"commentCount":0,"publisher":{"@id":"https:\/\/pello.eus\/es\/#organization"},"image":{"@id":"https:\/\/pello.eus\/es\/como-va-a-afrontar-euskal-herria-este-momento-historico\/#primaryimage"},"thumbnailUrl":"https:\/\/pello.eus\/wp-content\/uploads\/2025\/01\/PO20250120-1.jpg","articleSection":["Begiradak"],"inLanguage":"es","potentialAction":[{"@type":"CommentAction","name":"Comment","target":["https:\/\/pello.eus\/es\/como-va-a-afrontar-euskal-herria-este-momento-historico\/#respond"]}]},{"@type":"WebPage","@id":"https:\/\/pello.eus\/es\/como-va-a-afrontar-euskal-herria-este-momento-historico\/","url":"https:\/\/pello.eus\/es\/como-va-a-afrontar-euskal-herria-este-momento-historico\/","name":"\u00bfC\u00f3mo va a afrontar Euskal Herria este momento hist\u00f3rico? - Pello Otxandiano Kanpo","isPartOf":{"@id":"https:\/\/pello.eus\/es\/#website"},"primaryImageOfPage":{"@id":"https:\/\/pello.eus\/es\/como-va-a-afrontar-euskal-herria-este-momento-historico\/#primaryimage"},"image":{"@id":"https:\/\/pello.eus\/es\/como-va-a-afrontar-euskal-herria-este-momento-historico\/#primaryimage"},"thumbnailUrl":"https:\/\/pello.eus\/wp-content\/uploads\/2025\/01\/PO20250120-1.jpg","datePublished":"2025-01-20T16:11:38+00:00","dateModified":"2025-02-17T08:40:25+00:00","description":"Ha llegado el momento de abandonar cualquier atisbo de autocomplaciencia, armarnos de honestidad y pensar c\u00f3mo va a afrontar Euskal Herria este momento hist\u00f3rico.","breadcrumb":{"@id":"https:\/\/pello.eus\/es\/como-va-a-afrontar-euskal-herria-este-momento-historico\/#breadcrumb"},"inLanguage":"es","potentialAction":[{"@type":"ReadAction","target":["https:\/\/pello.eus\/es\/como-va-a-afrontar-euskal-herria-este-momento-historico\/"]}]},{"@type":"ImageObject","inLanguage":"es","@id":"https:\/\/pello.eus\/es\/como-va-a-afrontar-euskal-herria-este-momento-historico\/#primaryimage","url":"https:\/\/pello.eus\/wp-content\/uploads\/2025\/01\/PO20250120-1.jpg","contentUrl":"https:\/\/pello.eus\/wp-content\/uploads\/2025\/01\/PO20250120-1.jpg","width":1920,"height":1080},{"@type":"BreadcrumbList","@id":"https:\/\/pello.eus\/es\/como-va-a-afrontar-euskal-herria-este-momento-historico\/#breadcrumb","itemListElement":[{"@type":"ListItem","position":1,"name":"Home","item":"https:\/\/pello.eus\/es\/"},{"@type":"ListItem","position":2,"name":"\u00bfC\u00f3mo va a afrontar Euskal Herria este momento hist\u00f3rico?"}]},{"@type":"WebSite","@id":"https:\/\/pello.eus\/es\/#website","url":"https:\/\/pello.eus\/es\/","name":"Pello Otxandiano Kanpo","description":"Aldatzeko nahia ordezkatu nahi dut. Aspiro a representar el deseo de cambio. EH Bildu candidate for Lehendakari.","publisher":{"@id":"https:\/\/pello.eus\/es\/#organization"},"potentialAction":[{"@type":"SearchAction","target":{"@type":"EntryPoint","urlTemplate":"https:\/\/pello.eus\/es\/?s={search_term_string}"},"query-input":"required name=search_term_string"}],"inLanguage":"es"},{"@type":"Organization","@id":"https:\/\/pello.eus\/es\/#organization","name":"Pello Otxandiano Kanpo","url":"https:\/\/pello.eus\/es\/","logo":{"@type":"ImageObject","inLanguage":"es","@id":"https:\/\/pello.eus\/es\/#\/schema\/logo\/image\/","url":"https:\/\/pello.eus\/wp-content\/uploads\/2024\/01\/pello-eus.jpg","contentUrl":"https:\/\/pello.eus\/wp-content\/uploads\/2024\/01\/pello-eus.jpg","width":1920,"height":1272,"caption":"Pello Otxandiano Kanpo"},"image":{"@id":"https:\/\/pello.eus\/es\/#\/schema\/logo\/image\/"},"sameAs":["https:\/\/www.facebook.com\/p.otxandiano\/","https:\/\/x.com\/PelloOtxandiano","https:\/\/www.tiktok.com\/@pellootxandiano","https:\/\/www.linkedin.com\/in\/pello-otxandiano-kanpo-26b5a8a\/","https:\/\/www.threads.net\/@pellootxandiano"]},{"@type":"Person","@id":"https:\/\/pello.eus\/es\/#\/schema\/person\/186e8bd03e840b05e26815a9e6c02095","name":"p.arzanegi","image":{"@type":"ImageObject","inLanguage":"es","@id":"https:\/\/pello.eus\/es\/#\/schema\/person\/image\/","url":"https:\/\/secure.gravatar.com\/avatar\/62fb854d23b2b5bb9c2b51dce7b35a45?s=96&d=mm&r=g","contentUrl":"https:\/\/secure.gravatar.com\/avatar\/62fb854d23b2b5bb9c2b51dce7b35a45?s=96&d=mm&r=g","caption":"p.arzanegi"},"url":"https:\/\/pello.eus\/es\/author\/p-arzanegi\/"}]}},"_links":{"self":[{"href":"https:\/\/pello.eus\/es\/wp-json\/wp\/v2\/posts\/2065"}],"collection":[{"href":"https:\/\/pello.eus\/es\/wp-json\/wp\/v2\/posts"}],"about":[{"href":"https:\/\/pello.eus\/es\/wp-json\/wp\/v2\/types\/post"}],"author":[{"embeddable":true,"href":"https:\/\/pello.eus\/es\/wp-json\/wp\/v2\/users\/4"}],"replies":[{"embeddable":true,"href":"https:\/\/pello.eus\/es\/wp-json\/wp\/v2\/comments?post=2065"}],"version-history":[{"count":6,"href":"https:\/\/pello.eus\/es\/wp-json\/wp\/v2\/posts\/2065\/revisions"}],"predecessor-version":[{"id":2083,"href":"https:\/\/pello.eus\/es\/wp-json\/wp\/v2\/posts\/2065\/revisions\/2083"}],"wp:featuredmedia":[{"embeddable":true,"href":"https:\/\/pello.eus\/es\/wp-json\/wp\/v2\/media\/2063"}],"wp:attachment":[{"href":"https:\/\/pello.eus\/es\/wp-json\/wp\/v2\/media?parent=2065"}],"wp:term":[{"taxonomy":"category","embeddable":true,"href":"https:\/\/pello.eus\/es\/wp-json\/wp\/v2\/categories?post=2065"},{"taxonomy":"post_tag","embeddable":true,"href":"https:\/\/pello.eus\/es\/wp-json\/wp\/v2\/tags?post=2065"}],"curies":[{"name":"wp","href":"https:\/\/api.w.org\/{rel}","templated":true}]}}