{"id":2046,"date":"2024-12-12T11:02:41","date_gmt":"2024-12-12T10:02:41","guid":{"rendered":"https:\/\/pello.eus\/?p=2046"},"modified":"2025-02-17T09:40:29","modified_gmt":"2025-02-17T08:40:29","slug":"acerca-de-la-necesidad-de-una-nueva-politica-de-vivienda","status":"publish","type":"post","link":"https:\/\/pello.eus\/es\/acerca-de-la-necesidad-de-una-nueva-politica-de-vivienda\/","title":{"rendered":"Acerca de la necesidad de una nueva pol\u00edtica de vivienda"},"content":{"rendered":"\n<p>En las \u00faltimas semanas, hemos participado en unas negociaciones presupuestarias con el Gobierno Vasco para abordar uno de los problemas m\u00e1s graves y urgentes que enfrenta nuestra sociedad: la emergencia habitacional. Desde EH Bildu, hemos tenido clara nuestra prioridad desde el primer momento: garantizar que el derecho a la vivienda, un derecho b\u00e1sico e inalienable, deje de ser un privilegio inalcanzable para amplios sectores de la poblaci\u00f3n vasca.  <\/p>\n\n<p>El modelo actual, impulsado por PNV y PSE, perpet\u00faa una l\u00f3gica neoliberal que ha convertido la vivienda en un activo financiero en lugar de un bien social. Las cifras son alarmantes: los precios del alquiler y la compra de viviendas han aumentado de manera desproporcionada en comparaci\u00f3n con los ingresos de las familias, empujando a miles de j\u00f3venes y familias a situaciones de exclusi\u00f3n. Mientras tanto, las pol\u00edticas actuales, basadas en incrementar prestaciones econ\u00f3micas y deducciones fiscales, no han logrado frenar la escalada de precios ni garantizar un acceso equitativo a la vivienda.  &#13;\n<\/p>\n\n<p>En estas negociaciones, hemos puesto sobre la mesa propuestas claras, valientes y responsables para afrontar esta crisis. Hemos defendido la ampliaci\u00f3n del parque p\u00fablico de alquiler protegido mediante la adquisici\u00f3n de viviendas y la promoci\u00f3n de nuevas construcciones destinadas al alquiler social. Hemos planteado la necesidad de regular de forma efectiva los precios del alquiler, aplicando la Ley de Vivienda y desarrollando un sistema propio de \u00edndices de referencia de precios que se adapte a nuestra realidad. &#13;\n<\/p>\n\n<p>Tambi\u00e9n hemos subrayado la importancia de movilizar las viviendas vac\u00edas para ponerlas al servicio de quienes m\u00e1s las necesitan, utilizando medidas legales y econ\u00f3micas que permitan actuar con eficacia. Adem\u00e1s, creemos firmemente en explorar f\u00f3rmulas de colaboraci\u00f3n p\u00fablico-privada y p\u00fablico-comunitaria, inspir\u00e1ndonos en experiencias como las de Barcelona y Nafarroa, para garantizar que el inter\u00e9s social prime siempre sobre la rentabilidad econ\u00f3mica.  &#13;\n<\/p>\n\n<p>Estas propuestas no solo buscan responder a la emergencia inmediata, sino tambi\u00e9n transformar de manera estructural el mercado de la vivienda, para liberarlo de la especulaci\u00f3n y asegurar su funci\u00f3n social. Sin embargo, lamentamos profundamente que estas medidas hayan sido rechazadas por PNV y PSE en el marco de estas negociaciones. Nos hemos topado con un modelo que consideramos insuficiente, insostenible y alejado de las necesidades reales de la ciudadan\u00eda.  &#13;\n<\/p>\n\n<p>A pesar de ello, no nos resignamos. Este an\u00e1lisis y estas propuestas no son solo una cr\u00edtica, sino tambi\u00e9n un llamamiento a la acci\u00f3n y al debate constructivo. Euskal Herria tiene las herramientas, la escala y el sentido comunitario necesarios para liderar una pol\u00edtica de vivienda valiente, basada en la solidaridad y en el compromiso intergeneracional.  &#13;\n<\/p>\n\n<p>Te invitamos a profundizar en este an\u00e1lisis y a conocer en detalle las propuestas que hemos defendido durante estas negociaciones. Creemos que, solo desde la reflexi\u00f3n colectiva y la acci\u00f3n decidida, podremos garantizar el acceso universal a una vivienda digna y transformar este reto en una oportunidad para construir una sociedad m\u00e1s justa y solidaria.  &#13;\n<\/p>\n\n<div data-wp-interactive=\"\" class=\"wp-block-file\"><object data-wp-bind--hidden=\"!selectors.core.file.hasPdfPreview\" hidden class=\"wp-block-file__embed\" data=\"https:\/\/pello.eus\/wp-content\/uploads\/2024\/12\/ETXEBIZITZA-POLITIKA-BERRI-BATEN-BEHARRAZ.pdf\" type=\"application\/pdf\" style=\"width:100%;height:600px\" aria-label=\"Incrustado de ETXEBIZITZA-POLITIKA-BERRI-BATEN-BEHARRAZ.\"><\/object><a id=\"wp-block-file--media-ae5b3dc4-0087-4c74-80f0-50ecf811007c\" href=\"https:\/\/pello.eus\/wp-content\/uploads\/2024\/12\/ETXEBIZITZA-POLITIKA-BERRI-BATEN-BEHARRAZ.pdf\">ETXEBIZITZA-POLITIKA-BERRI-BATEN-BEHARRAZ<\/a><a href=\"https:\/\/pello.eus\/wp-content\/uploads\/2024\/12\/ETXEBIZITZA-POLITIKA-BERRI-BATEN-BEHARRAZ.pdf\" class=\"wp-block-file__button wp-element-button\" download=\"\" aria-describedby=\"wp-block-file--media-ae5b3dc4-0087-4c74-80f0-50ecf811007c\">Descargar<\/a><\/div>\n","protected":false},"excerpt":{"rendered":"<p>En las \u00faltimas semanas, hemos participado en unas negociaciones presupuestarias con el Gobierno Vasco para abordar uno de los problemas m\u00e1s graves y urgentes que enfrenta nuestra sociedad: la emergencia habitacional. Desde EH Bildu, hemos tenido clara nuestra prioridad desde el primer momento: garantizar que el derecho a la vivienda, un derecho b\u00e1sico e inalienable, [&hellip;]<\/p>\n","protected":false},"author":4,"featured_media":2049,"comment_status":"open","ping_status":"closed","sticky":false,"template":"","format":"standard","meta":{"_acf_changed":false,"footnotes":""},"categories":[4],"tags":[],"acf":[],"yoast_head":"<!-- This site is optimized with the Yoast SEO plugin v22.9 - https:\/\/yoast.com\/wordpress\/plugins\/seo\/ -->\n<title>Acerca de la necesidad de una nueva pol\u00edtica de vivienda - Pello Otxandiano Kanpo<\/title>\n<meta name=\"description\" content=\"Propuesta de vivienda planteada por EH Bildu en la negociaci\u00f3n para los presupuestos del Gobierno Vasco para el a\u00f1o 2025.\" \/>\n<meta name=\"robots\" content=\"index, follow, max-snippet:-1, max-image-preview:large, max-video-preview:-1\" \/>\n<link rel=\"canonical\" href=\"https:\/\/pello.eus\/es\/acerca-de-la-necesidad-de-una-nueva-politica-de-vivienda\/\" \/>\n<meta property=\"og:locale\" content=\"es_ES\" \/>\n<meta property=\"og:type\" content=\"article\" \/>\n<meta property=\"og:title\" content=\"Acerca de la necesidad de una nueva pol\u00edtica de vivienda - Pello Otxandiano Kanpo\" \/>\n<meta property=\"og:description\" content=\"Propuesta de vivienda planteada por EH Bildu en la negociaci\u00f3n para los presupuestos del Gobierno Vasco para el a\u00f1o 2025.\" \/>\n<meta property=\"og:url\" content=\"https:\/\/pello.eus\/es\/acerca-de-la-necesidad-de-una-nueva-politica-de-vivienda\/\" \/>\n<meta property=\"og:site_name\" content=\"Pello Otxandiano Kanpo\" \/>\n<meta property=\"article:publisher\" content=\"https:\/\/www.facebook.com\/p.otxandiano\/\" \/>\n<meta property=\"article:published_time\" content=\"2024-12-12T10:02:41+00:00\" \/>\n<meta property=\"article:modified_time\" content=\"2025-02-17T08:40:29+00:00\" \/>\n<meta property=\"og:image\" content=\"https:\/\/pello.eus\/wp-content\/uploads\/2024\/12\/PO20241212.jpg\" \/>\n\t<meta property=\"og:image:width\" content=\"1920\" \/>\n\t<meta property=\"og:image:height\" content=\"1080\" \/>\n\t<meta property=\"og:image:type\" content=\"image\/jpeg\" \/>\n<meta name=\"author\" content=\"p.arzanegi\" \/>\n<meta name=\"twitter:card\" content=\"summary_large_image\" \/>\n<meta name=\"twitter:creator\" content=\"@PelloOtxandiano\" \/>\n<meta name=\"twitter:site\" content=\"@PelloOtxandiano\" \/>\n<meta name=\"twitter:label1\" content=\"Escrito por\" \/>\n\t<meta name=\"twitter:data1\" content=\"p.arzanegi\" \/>\n\t<meta name=\"twitter:label2\" content=\"Tiempo de lectura\" \/>\n\t<meta name=\"twitter:data2\" content=\"3 minutos\" \/>\n<script type=\"application\/ld+json\" class=\"yoast-schema-graph\">{\"@context\":\"https:\/\/schema.org\",\"@graph\":[{\"@type\":\"Article\",\"@id\":\"https:\/\/pello.eus\/es\/acerca-de-la-necesidad-de-una-nueva-politica-de-vivienda\/#article\",\"isPartOf\":{\"@id\":\"https:\/\/pello.eus\/es\/acerca-de-la-necesidad-de-una-nueva-politica-de-vivienda\/\"},\"author\":{\"name\":\"p.arzanegi\",\"@id\":\"https:\/\/pello.eus\/es\/#\/schema\/person\/186e8bd03e840b05e26815a9e6c02095\"},\"headline\":\"Acerca de la necesidad de una nueva pol\u00edtica de vivienda\",\"datePublished\":\"2024-12-12T10:02:41+00:00\",\"dateModified\":\"2025-02-17T08:40:29+00:00\",\"mainEntityOfPage\":{\"@id\":\"https:\/\/pello.eus\/es\/acerca-de-la-necesidad-de-una-nueva-politica-de-vivienda\/\"},\"wordCount\":532,\"commentCount\":0,\"publisher\":{\"@id\":\"https:\/\/pello.eus\/es\/#organization\"},\"image\":{\"@id\":\"https:\/\/pello.eus\/es\/acerca-de-la-necesidad-de-una-nueva-politica-de-vivienda\/#primaryimage\"},\"thumbnailUrl\":\"https:\/\/pello.eus\/wp-content\/uploads\/2024\/12\/PO20241212.jpg\",\"articleSection\":[\"Begiradak\"],\"inLanguage\":\"es\",\"potentialAction\":[{\"@type\":\"CommentAction\",\"name\":\"Comment\",\"target\":[\"https:\/\/pello.eus\/es\/acerca-de-la-necesidad-de-una-nueva-politica-de-vivienda\/#respond\"]}]},{\"@type\":\"WebPage\",\"@id\":\"https:\/\/pello.eus\/es\/acerca-de-la-necesidad-de-una-nueva-politica-de-vivienda\/\",\"url\":\"https:\/\/pello.eus\/es\/acerca-de-la-necesidad-de-una-nueva-politica-de-vivienda\/\",\"name\":\"Acerca de la necesidad de una nueva pol\u00edtica de vivienda - Pello Otxandiano Kanpo\",\"isPartOf\":{\"@id\":\"https:\/\/pello.eus\/es\/#website\"},\"primaryImageOfPage\":{\"@id\":\"https:\/\/pello.eus\/es\/acerca-de-la-necesidad-de-una-nueva-politica-de-vivienda\/#primaryimage\"},\"image\":{\"@id\":\"https:\/\/pello.eus\/es\/acerca-de-la-necesidad-de-una-nueva-politica-de-vivienda\/#primaryimage\"},\"thumbnailUrl\":\"https:\/\/pello.eus\/wp-content\/uploads\/2024\/12\/PO20241212.jpg\",\"datePublished\":\"2024-12-12T10:02:41+00:00\",\"dateModified\":\"2025-02-17T08:40:29+00:00\",\"description\":\"Propuesta de vivienda planteada por EH Bildu en la negociaci\u00f3n para los presupuestos del Gobierno Vasco para el a\u00f1o 2025.\",\"breadcrumb\":{\"@id\":\"https:\/\/pello.eus\/es\/acerca-de-la-necesidad-de-una-nueva-politica-de-vivienda\/#breadcrumb\"},\"inLanguage\":\"es\",\"potentialAction\":[{\"@type\":\"ReadAction\",\"target\":[\"https:\/\/pello.eus\/es\/acerca-de-la-necesidad-de-una-nueva-politica-de-vivienda\/\"]}]},{\"@type\":\"ImageObject\",\"inLanguage\":\"es\",\"@id\":\"https:\/\/pello.eus\/es\/acerca-de-la-necesidad-de-una-nueva-politica-de-vivienda\/#primaryimage\",\"url\":\"https:\/\/pello.eus\/wp-content\/uploads\/2024\/12\/PO20241212.jpg\",\"contentUrl\":\"https:\/\/pello.eus\/wp-content\/uploads\/2024\/12\/PO20241212.jpg\",\"width\":1920,\"height\":1080},{\"@type\":\"BreadcrumbList\",\"@id\":\"https:\/\/pello.eus\/es\/acerca-de-la-necesidad-de-una-nueva-politica-de-vivienda\/#breadcrumb\",\"itemListElement\":[{\"@type\":\"ListItem\",\"position\":1,\"name\":\"Home\",\"item\":\"https:\/\/pello.eus\/es\/\"},{\"@type\":\"ListItem\",\"position\":2,\"name\":\"Acerca de la necesidad de una nueva pol\u00edtica de vivienda\"}]},{\"@type\":\"WebSite\",\"@id\":\"https:\/\/pello.eus\/es\/#website\",\"url\":\"https:\/\/pello.eus\/es\/\",\"name\":\"Pello Otxandiano Kanpo\",\"description\":\"Aldatzeko nahia ordezkatu nahi dut. Aspiro a representar el deseo de cambio. EH Bildu candidate for Lehendakari.\",\"publisher\":{\"@id\":\"https:\/\/pello.eus\/es\/#organization\"},\"potentialAction\":[{\"@type\":\"SearchAction\",\"target\":{\"@type\":\"EntryPoint\",\"urlTemplate\":\"https:\/\/pello.eus\/es\/?s={search_term_string}\"},\"query-input\":\"required name=search_term_string\"}],\"inLanguage\":\"es\"},{\"@type\":\"Organization\",\"@id\":\"https:\/\/pello.eus\/es\/#organization\",\"name\":\"Pello Otxandiano Kanpo\",\"url\":\"https:\/\/pello.eus\/es\/\",\"logo\":{\"@type\":\"ImageObject\",\"inLanguage\":\"es\",\"@id\":\"https:\/\/pello.eus\/es\/#\/schema\/logo\/image\/\",\"url\":\"https:\/\/pello.eus\/wp-content\/uploads\/2024\/01\/pello-eus.jpg\",\"contentUrl\":\"https:\/\/pello.eus\/wp-content\/uploads\/2024\/01\/pello-eus.jpg\",\"width\":1920,\"height\":1272,\"caption\":\"Pello Otxandiano Kanpo\"},\"image\":{\"@id\":\"https:\/\/pello.eus\/es\/#\/schema\/logo\/image\/\"},\"sameAs\":[\"https:\/\/www.facebook.com\/p.otxandiano\/\",\"https:\/\/x.com\/PelloOtxandiano\",\"https:\/\/www.tiktok.com\/@pellootxandiano\",\"https:\/\/www.linkedin.com\/in\/pello-otxandiano-kanpo-26b5a8a\/\",\"https:\/\/www.threads.net\/@pellootxandiano\"]},{\"@type\":\"Person\",\"@id\":\"https:\/\/pello.eus\/es\/#\/schema\/person\/186e8bd03e840b05e26815a9e6c02095\",\"name\":\"p.arzanegi\",\"image\":{\"@type\":\"ImageObject\",\"inLanguage\":\"es\",\"@id\":\"https:\/\/pello.eus\/es\/#\/schema\/person\/image\/\",\"url\":\"https:\/\/secure.gravatar.com\/avatar\/62fb854d23b2b5bb9c2b51dce7b35a45?s=96&d=mm&r=g\",\"contentUrl\":\"https:\/\/secure.gravatar.com\/avatar\/62fb854d23b2b5bb9c2b51dce7b35a45?s=96&d=mm&r=g\",\"caption\":\"p.arzanegi\"},\"url\":\"https:\/\/pello.eus\/es\/author\/p-arzanegi\/\"}]}<\/script>\n<!-- \/ Yoast SEO plugin. -->","yoast_head_json":{"title":"Acerca de la necesidad de una nueva pol\u00edtica de vivienda - Pello Otxandiano Kanpo","description":"Propuesta de vivienda planteada por EH Bildu en la negociaci\u00f3n para los presupuestos del Gobierno Vasco para el a\u00f1o 2025.","robots":{"index":"index","follow":"follow","max-snippet":"max-snippet:-1","max-image-preview":"max-image-preview:large","max-video-preview":"max-video-preview:-1"},"canonical":"https:\/\/pello.eus\/es\/acerca-de-la-necesidad-de-una-nueva-politica-de-vivienda\/","og_locale":"es_ES","og_type":"article","og_title":"Acerca de la necesidad de una nueva pol\u00edtica de vivienda - Pello Otxandiano Kanpo","og_description":"Propuesta de vivienda planteada por EH Bildu en la negociaci\u00f3n para los presupuestos del Gobierno Vasco para el a\u00f1o 2025.","og_url":"https:\/\/pello.eus\/es\/acerca-de-la-necesidad-de-una-nueva-politica-de-vivienda\/","og_site_name":"Pello Otxandiano Kanpo","article_publisher":"https:\/\/www.facebook.com\/p.otxandiano\/","article_published_time":"2024-12-12T10:02:41+00:00","article_modified_time":"2025-02-17T08:40:29+00:00","og_image":[{"width":1920,"height":1080,"url":"https:\/\/pello.eus\/wp-content\/uploads\/2024\/12\/PO20241212.jpg","type":"image\/jpeg"}],"author":"p.arzanegi","twitter_card":"summary_large_image","twitter_creator":"@PelloOtxandiano","twitter_site":"@PelloOtxandiano","twitter_misc":{"Escrito por":"p.arzanegi","Tiempo de lectura":"3 minutos"},"schema":{"@context":"https:\/\/schema.org","@graph":[{"@type":"Article","@id":"https:\/\/pello.eus\/es\/acerca-de-la-necesidad-de-una-nueva-politica-de-vivienda\/#article","isPartOf":{"@id":"https:\/\/pello.eus\/es\/acerca-de-la-necesidad-de-una-nueva-politica-de-vivienda\/"},"author":{"name":"p.arzanegi","@id":"https:\/\/pello.eus\/es\/#\/schema\/person\/186e8bd03e840b05e26815a9e6c02095"},"headline":"Acerca de la necesidad de una nueva pol\u00edtica de vivienda","datePublished":"2024-12-12T10:02:41+00:00","dateModified":"2025-02-17T08:40:29+00:00","mainEntityOfPage":{"@id":"https:\/\/pello.eus\/es\/acerca-de-la-necesidad-de-una-nueva-politica-de-vivienda\/"},"wordCount":532,"commentCount":0,"publisher":{"@id":"https:\/\/pello.eus\/es\/#organization"},"image":{"@id":"https:\/\/pello.eus\/es\/acerca-de-la-necesidad-de-una-nueva-politica-de-vivienda\/#primaryimage"},"thumbnailUrl":"https:\/\/pello.eus\/wp-content\/uploads\/2024\/12\/PO20241212.jpg","articleSection":["Begiradak"],"inLanguage":"es","potentialAction":[{"@type":"CommentAction","name":"Comment","target":["https:\/\/pello.eus\/es\/acerca-de-la-necesidad-de-una-nueva-politica-de-vivienda\/#respond"]}]},{"@type":"WebPage","@id":"https:\/\/pello.eus\/es\/acerca-de-la-necesidad-de-una-nueva-politica-de-vivienda\/","url":"https:\/\/pello.eus\/es\/acerca-de-la-necesidad-de-una-nueva-politica-de-vivienda\/","name":"Acerca de la necesidad de una nueva pol\u00edtica de vivienda - Pello Otxandiano Kanpo","isPartOf":{"@id":"https:\/\/pello.eus\/es\/#website"},"primaryImageOfPage":{"@id":"https:\/\/pello.eus\/es\/acerca-de-la-necesidad-de-una-nueva-politica-de-vivienda\/#primaryimage"},"image":{"@id":"https:\/\/pello.eus\/es\/acerca-de-la-necesidad-de-una-nueva-politica-de-vivienda\/#primaryimage"},"thumbnailUrl":"https:\/\/pello.eus\/wp-content\/uploads\/2024\/12\/PO20241212.jpg","datePublished":"2024-12-12T10:02:41+00:00","dateModified":"2025-02-17T08:40:29+00:00","description":"Propuesta de vivienda planteada por EH Bildu en la negociaci\u00f3n para los presupuestos del Gobierno Vasco para el a\u00f1o 2025.","breadcrumb":{"@id":"https:\/\/pello.eus\/es\/acerca-de-la-necesidad-de-una-nueva-politica-de-vivienda\/#breadcrumb"},"inLanguage":"es","potentialAction":[{"@type":"ReadAction","target":["https:\/\/pello.eus\/es\/acerca-de-la-necesidad-de-una-nueva-politica-de-vivienda\/"]}]},{"@type":"ImageObject","inLanguage":"es","@id":"https:\/\/pello.eus\/es\/acerca-de-la-necesidad-de-una-nueva-politica-de-vivienda\/#primaryimage","url":"https:\/\/pello.eus\/wp-content\/uploads\/2024\/12\/PO20241212.jpg","contentUrl":"https:\/\/pello.eus\/wp-content\/uploads\/2024\/12\/PO20241212.jpg","width":1920,"height":1080},{"@type":"BreadcrumbList","@id":"https:\/\/pello.eus\/es\/acerca-de-la-necesidad-de-una-nueva-politica-de-vivienda\/#breadcrumb","itemListElement":[{"@type":"ListItem","position":1,"name":"Home","item":"https:\/\/pello.eus\/es\/"},{"@type":"ListItem","position":2,"name":"Acerca de la necesidad de una nueva pol\u00edtica de vivienda"}]},{"@type":"WebSite","@id":"https:\/\/pello.eus\/es\/#website","url":"https:\/\/pello.eus\/es\/","name":"Pello Otxandiano Kanpo","description":"Aldatzeko nahia ordezkatu nahi dut. Aspiro a representar el deseo de cambio. EH Bildu candidate for Lehendakari.","publisher":{"@id":"https:\/\/pello.eus\/es\/#organization"},"potentialAction":[{"@type":"SearchAction","target":{"@type":"EntryPoint","urlTemplate":"https:\/\/pello.eus\/es\/?s={search_term_string}"},"query-input":"required name=search_term_string"}],"inLanguage":"es"},{"@type":"Organization","@id":"https:\/\/pello.eus\/es\/#organization","name":"Pello Otxandiano Kanpo","url":"https:\/\/pello.eus\/es\/","logo":{"@type":"ImageObject","inLanguage":"es","@id":"https:\/\/pello.eus\/es\/#\/schema\/logo\/image\/","url":"https:\/\/pello.eus\/wp-content\/uploads\/2024\/01\/pello-eus.jpg","contentUrl":"https:\/\/pello.eus\/wp-content\/uploads\/2024\/01\/pello-eus.jpg","width":1920,"height":1272,"caption":"Pello Otxandiano Kanpo"},"image":{"@id":"https:\/\/pello.eus\/es\/#\/schema\/logo\/image\/"},"sameAs":["https:\/\/www.facebook.com\/p.otxandiano\/","https:\/\/x.com\/PelloOtxandiano","https:\/\/www.tiktok.com\/@pellootxandiano","https:\/\/www.linkedin.com\/in\/pello-otxandiano-kanpo-26b5a8a\/","https:\/\/www.threads.net\/@pellootxandiano"]},{"@type":"Person","@id":"https:\/\/pello.eus\/es\/#\/schema\/person\/186e8bd03e840b05e26815a9e6c02095","name":"p.arzanegi","image":{"@type":"ImageObject","inLanguage":"es","@id":"https:\/\/pello.eus\/es\/#\/schema\/person\/image\/","url":"https:\/\/secure.gravatar.com\/avatar\/62fb854d23b2b5bb9c2b51dce7b35a45?s=96&d=mm&r=g","contentUrl":"https:\/\/secure.gravatar.com\/avatar\/62fb854d23b2b5bb9c2b51dce7b35a45?s=96&d=mm&r=g","caption":"p.arzanegi"},"url":"https:\/\/pello.eus\/es\/author\/p-arzanegi\/"}]}},"_links":{"self":[{"href":"https:\/\/pello.eus\/es\/wp-json\/wp\/v2\/posts\/2046"}],"collection":[{"href":"https:\/\/pello.eus\/es\/wp-json\/wp\/v2\/posts"}],"about":[{"href":"https:\/\/pello.eus\/es\/wp-json\/wp\/v2\/types\/post"}],"author":[{"embeddable":true,"href":"https:\/\/pello.eus\/es\/wp-json\/wp\/v2\/users\/4"}],"replies":[{"embeddable":true,"href":"https:\/\/pello.eus\/es\/wp-json\/wp\/v2\/comments?post=2046"}],"version-history":[{"count":3,"href":"https:\/\/pello.eus\/es\/wp-json\/wp\/v2\/posts\/2046\/revisions"}],"predecessor-version":[{"id":2489,"href":"https:\/\/pello.eus\/es\/wp-json\/wp\/v2\/posts\/2046\/revisions\/2489"}],"wp:featuredmedia":[{"embeddable":true,"href":"https:\/\/pello.eus\/es\/wp-json\/wp\/v2\/media\/2049"}],"wp:attachment":[{"href":"https:\/\/pello.eus\/es\/wp-json\/wp\/v2\/media?parent=2046"}],"wp:term":[{"taxonomy":"category","embeddable":true,"href":"https:\/\/pello.eus\/es\/wp-json\/wp\/v2\/categories?post=2046"},{"taxonomy":"post_tag","embeddable":true,"href":"https:\/\/pello.eus\/es\/wp-json\/wp\/v2\/tags?post=2046"}],"curies":[{"name":"wp","href":"https:\/\/api.w.org\/{rel}","templated":true}]}}